{"id":51266,"date":"2019-04-06T13:59:56","date_gmt":"2019-04-06T13:59:56","guid":{"rendered":"https:\/\/colimdo.org\/?p=51266"},"modified":"2019-04-06T13:59:56","modified_gmt":"2019-04-06T13:59:56","slug":"jorge-polanco-registro-primer-ciclo-esta-temporada-grandes-ligas","status":"publish","type":"post","link":"https:\/\/colimdo.org\/noticias\/jorge-polanco-registro-primer-ciclo-esta-temporada-grandes-ligas\/","title":{"rendered":"Jorge Polanco registr\u00f3 el primer ciclo de esta temporada de Grandes Ligas"},"content":{"rendered":"<p>ESPN. El campocorto de los\u00a0Mellizos de Minnesota,\u00a0Jorge Polanco, bate\u00f3 al ciclo en sus primeros cuatro turnos al bate contra los anfitriones\u00a0Filis de Filadelfia, el viernes.<\/p>\n<p>El dominicano Polanco bate\u00f3 un triple en la primera entrada, un sencillo en la tercera, un jonr\u00f3n en la quinta y un doble en la s\u00e9ptima.<\/p>\n<p>&#8221;Me sent\u00ed realmente bien en el plato, esper\u00e9 mis lanzamientos en la zona y obtuve mis hits&#8221;, dijo Polanco.<\/p>\n<p>Polanco sab\u00eda lo que ten\u00eda que hacer en la s\u00e9ptima entrada para completar el ciclo, seg\u00fan el St. Paul Pioneer Press.<\/p>\n<p>&#8221;Creo que en la entrada anterior, estaba pensando que necesitaba un doble&#8221;, dijo Polanco. &#8221;Pero cuando fui a batear, estaba pensando en obtener un buen lanzamiento y pegarle&#8221;.<\/p>\n<p>Fue el primer ciclo en la carrera de Polanco, el 15\u00ba en la historia de la franquicia y el 11\u00ba desde que la franquicia se convirti\u00f3 en los Mellizos al mudarse de Washington, DC, para la temporada de 1961. Michael Cuddyer fue el \u00faltimo en alcanzar el ciclo para los Mellizos, y lo hizo el 22 de mayo de 2009 ante los\u00a0Cerveceros de Milwaukee.<\/p>\n<p>Es el primer ciclo en Grandes Ligas esta temporada.<\/p>\n","protected":false},"excerpt":{"rendered":"<p>Fue el primer ciclo en la carrera de Polanco, el 15\u00ba en la historia de la franquicia y el 11\u00ba desde que la franquicia se convirti\u00f3 en los Mellizos al mudarse de Washington, DC, para la temporada de 1961<\/p>\n","protected":false},"author":16,"featured_media":51267,"comment_status":"closed","ping_status":"closed","sticky":false,"template":"","format":"standard","meta":[],"categories":[2,60],"tags":[],"acf":[],"_links":{"self":[{"href":"https:\/\/colimdo.org\/wp-api\/wp\/v2\/posts\/51266"}],"collection":[{"href":"https:\/\/colimdo.org\/wp-api\/wp\/v2\/posts"}],"about":[{"href":"https:\/\/colimdo.org\/wp-api\/wp\/v2\/types\/post"}],"author":[{"embeddable":true,"href":"https:\/\/colimdo.org\/wp-api\/wp\/v2\/users\/16"}],"replies":[{"embeddable":true,"href":"https:\/\/colimdo.org\/wp-api\/wp\/v2\/comments?post=51266"}],"version-history":[{"count":1,"href":"https:\/\/colimdo.org\/wp-api\/wp\/v2\/posts\/51266\/revisions"}],"predecessor-version":[{"id":51268,"href":"https:\/\/colimdo.org\/wp-api\/wp\/v2\/posts\/51266\/revisions\/51268"}],"wp:featuredmedia":[{"embeddable":true,"href":"https:\/\/colimdo.org\/wp-api\/wp\/v2\/media\/51267"}],"wp:attachment":[{"href":"https:\/\/colimdo.org\/wp-api\/wp\/v2\/media?parent=51266"}],"wp:term":[{"taxonomy":"category","embeddable":true,"href":"https:\/\/colimdo.org\/wp-api\/wp\/v2\/categories?post=51266"},{"taxonomy":"post_tag","embeddable":true,"href":"https:\/\/colimdo.org\/wp-api\/wp\/v2\/tags?post=51266"}],"curies":[{"name":"wp","href":"https:\/\/api.w.org\/{rel}","templated":true}]}}