{"id":51289,"date":"2019-04-06T19:02:14","date_gmt":"2019-04-06T19:02:14","guid":{"rendered":"https:\/\/colimdo.org\/?p=51289"},"modified":"2019-04-06T19:02:14","modified_gmt":"2019-04-06T19:02:14","slug":"problemas-estadio-podrian-arruinar-chances-oman-sede-del-mundial-2022","status":"publish","type":"post","link":"https:\/\/colimdo.org\/noticias\/problemas-estadio-podrian-arruinar-chances-oman-sede-del-mundial-2022\/","title":{"rendered":"Problemas de estadio podr\u00edan arruinar chances de Om\u00e1n para ser sede del Mundial 2022"},"content":{"rendered":"<p class=\"canvas-atom canvas-text Mb(1.0em) Mb(0)--sm Mt(0.8em)--sm\">KUALA LUMPUR (Reuters) &#8211; Om\u00e1n afrontar\u00e1 una carrera contra el tiempo para construir un estadio lo suficientemente grande que satisfaga los est\u00e1ndares de la FIFA, en caso de que la entidad rectora del f\u00fatbol decida expandir el Mundial de Qatar 2022 y le pida al sultanato sumarse como segunda sede del torneo.<\/p>\n<p class=\"canvas-atom canvas-text Mb(1.0em) Mb(0)--sm Mt(0.8em)--sm\">El presidente de la asociaci\u00f3n de f\u00fatbol de Om\u00e1n, Salem Said Salem Al Wahaibi, dijo a Reuters que el jefe de la FIFA, Gianni Infantino, ha contactado al Gobierno de la naci\u00f3n para consultar sobre las posibilidades de co-organizar el evento, en caso de que \u00e9ste se expanda desde 32 a 48 selecciones.<\/p>\n<p class=\"canvas-atom canvas-text Mb(1.0em) Mb(0)--sm Mt(0.8em)--sm\">Pero el estadio Sultan Qaboos de Muscat no cuenta con los requerimientos m\u00ednimos de capacidad para una Copa del Mundo, por lo que los oman\u00edes tendr\u00edan que remozar la instalaci\u00f3n para ser considerados como un anfitri\u00f3n viable.<\/p>\n<p class=\"canvas-atom canvas-text Mb(1.0em) Mb(0)--sm Mt(0.8em)--sm\">&#8220;El se\u00f1or Infantino nos visit\u00f3 y le entreg\u00f3 una propuesta al Gobierno y ellos a\u00fan la est\u00e1n considerando&#8221;, dijo el s\u00e1bado Al Wahaibi.<\/p>\n<p class=\"canvas-atom canvas-text Mb(1.0em) Mb(0)--sm Mt(0.8em)--sm\">&#8220;No es una decisi\u00f3n que deba tomar la federaci\u00f3n. Tenemos algunos problemas. No tenemos un estadio para 40.000 personas, as\u00ed que si lo hacemos tendr\u00edamos que trabajar contra el tiempo. Es nuestro mayor enemigo&#8221;, asever\u00f3.<\/p>\n<p class=\"canvas-atom canvas-text Mb(1.0em) Mb(0)--sm Mt(0.8em)--sm\">Qatar gan\u00f3 el derecho de ser sede del Mundial con 32 selecciones en diciembre del 2010, pero despu\u00e9s de llegar a la presidencia de la FIFA en 2016, Infantino se ha mostrado abierto a la idea de ampliar el torneo para adicionar 16 equipos.<\/p>\n<p class=\"canvas-atom canvas-text Mb(1.0em) Mb(0)--sm Mt(0.8em)--sm\">La edici\u00f3n del 2026 ya hab\u00eda sido dise\u00f1ada para que compitan 48 naciones, pero Infantino desea adelantar este nuevo formato en cuatro a\u00f1os.<\/p>\n","protected":false},"excerpt":{"rendered":"<p>El presidente de la asociaci\u00f3n de f\u00fatbol de Om\u00e1n, Salem Said Salem Al Wahaibi, dijo a Reuters que el jefe de la FIFA, Gianni Infantino, ha contactado al Gobierno de la naci\u00f3n para consultar sobre las posibilidades de co-organizar el evento, en caso de que \u00e9ste se expanda desde 32 a 48 selecciones.<\/p>\n","protected":false},"author":16,"featured_media":51290,"comment_status":"closed","ping_status":"closed","sticky":false,"template":"","format":"standard","meta":[],"categories":[2,60],"tags":[],"acf":[],"_links":{"self":[{"href":"https:\/\/colimdo.org\/wp-api\/wp\/v2\/posts\/51289"}],"collection":[{"href":"https:\/\/colimdo.org\/wp-api\/wp\/v2\/posts"}],"about":[{"href":"https:\/\/colimdo.org\/wp-api\/wp\/v2\/types\/post"}],"author":[{"embeddable":true,"href":"https:\/\/colimdo.org\/wp-api\/wp\/v2\/users\/16"}],"replies":[{"embeddable":true,"href":"https:\/\/colimdo.org\/wp-api\/wp\/v2\/comments?post=51289"}],"version-history":[{"count":1,"href":"https:\/\/colimdo.org\/wp-api\/wp\/v2\/posts\/51289\/revisions"}],"predecessor-version":[{"id":51291,"href":"https:\/\/colimdo.org\/wp-api\/wp\/v2\/posts\/51289\/revisions\/51291"}],"wp:featuredmedia":[{"embeddable":true,"href":"https:\/\/colimdo.org\/wp-api\/wp\/v2\/media\/51290"}],"wp:attachment":[{"href":"https:\/\/colimdo.org\/wp-api\/wp\/v2\/media?parent=51289"}],"wp:term":[{"taxonomy":"category","embeddable":true,"href":"https:\/\/colimdo.org\/wp-api\/wp\/v2\/categories?post=51289"},{"taxonomy":"post_tag","embeddable":true,"href":"https:\/\/colimdo.org\/wp-api\/wp\/v2\/tags?post=51289"}],"curies":[{"name":"wp","href":"https:\/\/api.w.org\/{rel}","templated":true}]}}