{"id":51293,"date":"2019-04-06T19:26:47","date_gmt":"2019-04-06T19:26:47","guid":{"rendered":"https:\/\/colimdo.org\/?p=51293"},"modified":"2019-04-06T19:26:47","modified_gmt":"2019-04-06T19:26:47","slug":"jose-bebo-hernandez-cae-semifinal-challenger-alicante","status":"publish","type":"post","link":"https:\/\/colimdo.org\/noticias\/jose-bebo-hernandez-cae-semifinal-challenger-alicante\/","title":{"rendered":"Jos\u00e9 &#8220;Bebo&#8221; Hern\u00e1ndez cae en semifinal de Challenger de Alicante"},"content":{"rendered":"<p>SANTO DOMINGO. El tenista dominicano Jos\u00e9 \u201cBebo\u201d Hern\u00e1ndez se qued\u00f3 corto en su objetivo de alcanzar la final del Challenger \u00a0de Alicante, Espa\u00f1a, al caer este s\u00e1bado ante el local Pedro Mart\u00ednez Portero, ante quien disputaba la semifinal del evento de ATP.<\/p>\n<p>Hern\u00e1ndez, miembro de la selecci\u00f3n nacional de tenis y actual n\u00famero 277 de la clasificaci\u00f3n mundial de ATP y quien no era el favorito frente a Mart\u00ednez, quien es due\u00f1o del lugar 151 del mismo organismo, cay\u00f3 ante su rival en dos sets que culminaron con parciales 6(4)-7(7) y 6-2.<\/p>\n<p>Como acostumbr\u00f3 durante este torneo, Hern\u00e1ndez cay\u00f3 debajo en el primer sets, pero a diferencia de tres de los cuatro partidos que antecedieron a este, el dominicano no logr\u00f3 recuperarse y perdi\u00f3 la oportunidad de disputar la primera final de su carrera en este nivel, ya que con este han sido siete las semifinales que ha jugado en su trayectoria, sin alcanzar el \u00faltimo escal\u00f3n en ninguno de estos torneos.<\/p>\n<p>A pesar del resultado, Hernandez mostr\u00f3 un gran nivel y contionuar\u00e1 su lucha por avanzar en el listado de los mejores de ATP.<\/p>\n","protected":false},"excerpt":{"rendered":"<p>El dominicano perdi\u00f3 su septima semifinal de este tipo de torneo, sin lograr ning\u00fan avance hasta una final.<\/p>\n","protected":false},"author":16,"featured_media":51294,"comment_status":"closed","ping_status":"closed","sticky":false,"template":"","format":"standard","meta":[],"categories":[2,60],"tags":[],"acf":[],"_links":{"self":[{"href":"https:\/\/colimdo.org\/wp-api\/wp\/v2\/posts\/51293"}],"collection":[{"href":"https:\/\/colimdo.org\/wp-api\/wp\/v2\/posts"}],"about":[{"href":"https:\/\/colimdo.org\/wp-api\/wp\/v2\/types\/post"}],"author":[{"embeddable":true,"href":"https:\/\/colimdo.org\/wp-api\/wp\/v2\/users\/16"}],"replies":[{"embeddable":true,"href":"https:\/\/colimdo.org\/wp-api\/wp\/v2\/comments?post=51293"}],"version-history":[{"count":1,"href":"https:\/\/colimdo.org\/wp-api\/wp\/v2\/posts\/51293\/revisions"}],"predecessor-version":[{"id":51295,"href":"https:\/\/colimdo.org\/wp-api\/wp\/v2\/posts\/51293\/revisions\/51295"}],"wp:featuredmedia":[{"embeddable":true,"href":"https:\/\/colimdo.org\/wp-api\/wp\/v2\/media\/51294"}],"wp:attachment":[{"href":"https:\/\/colimdo.org\/wp-api\/wp\/v2\/media?parent=51293"}],"wp:term":[{"taxonomy":"category","embeddable":true,"href":"https:\/\/colimdo.org\/wp-api\/wp\/v2\/categories?post=51293"},{"taxonomy":"post_tag","embeddable":true,"href":"https:\/\/colimdo.org\/wp-api\/wp\/v2\/tags?post=51293"}],"curies":[{"name":"wp","href":"https:\/\/api.w.org\/{rel}","templated":true}]}}