{"id":51299,"date":"2019-04-06T23:43:02","date_gmt":"2019-04-06T23:43:02","guid":{"rendered":"https:\/\/colimdo.org\/?p=51299"},"modified":"2019-04-06T23:43:02","modified_gmt":"2019-04-06T23:43:02","slug":"gregory-polanco-volveria-la-accion-ligas-menores","status":"publish","type":"post","link":"https:\/\/colimdo.org\/noticias\/gregory-polanco-volveria-la-accion-ligas-menores\/","title":{"rendered":"Gregory Polanco volver\u00eda a la acci\u00f3n en ligas menores"},"content":{"rendered":"<p>PITTSBURGH \u2013 Despu\u00e9s de meses de rehabilitaci\u00f3n, Gregory Polanco est\u00e1 listo para disputar juegos.<\/p>\n<p>El guardabosque dominicano de los Piratas, que viene trabajando para volver a la acci\u00f3n tras ser operado del hombro izquierdo en septiembre, est\u00e1 programado para iniciar una asignaci\u00f3n de rehabilitaci\u00f3n en ligas menores el domingo con Clase A Avanzada Bradenton. Ser\u00eda su primera acci\u00f3n en un juego desde el 7 de septiembre, cuando se lesion\u00f3 al deslizarse en la segunda base.<\/p>\n<p>La novena de Pittsburgh se beneficiar\u00eda del regreso de Polanco. El jardinero derecho encabez\u00f3 a los Bucaneros con 23 jonrones la temporada a la vez que tuvo un OPS (porcentaje de embasarse m\u00e1s slugging) de .839 en 130 compromisos.<\/p>\n","protected":false},"excerpt":{"rendered":"<p>El guardabosque dominicano de los Piratas, que viene trabajando para volver a la acci\u00f3n tras ser operado del hombro izquierdo en septiembre, est\u00e1 programado para iniciar una asignaci\u00f3n de rehabilitaci\u00f3n en ligas menores el domingo con Clase A Avanzada Bradenton.<\/p>\n","protected":false},"author":16,"featured_media":51300,"comment_status":"closed","ping_status":"closed","sticky":false,"template":"","format":"standard","meta":[],"categories":[2,60],"tags":[],"acf":[],"_links":{"self":[{"href":"https:\/\/colimdo.org\/wp-api\/wp\/v2\/posts\/51299"}],"collection":[{"href":"https:\/\/colimdo.org\/wp-api\/wp\/v2\/posts"}],"about":[{"href":"https:\/\/colimdo.org\/wp-api\/wp\/v2\/types\/post"}],"author":[{"embeddable":true,"href":"https:\/\/colimdo.org\/wp-api\/wp\/v2\/users\/16"}],"replies":[{"embeddable":true,"href":"https:\/\/colimdo.org\/wp-api\/wp\/v2\/comments?post=51299"}],"version-history":[{"count":1,"href":"https:\/\/colimdo.org\/wp-api\/wp\/v2\/posts\/51299\/revisions"}],"predecessor-version":[{"id":51301,"href":"https:\/\/colimdo.org\/wp-api\/wp\/v2\/posts\/51299\/revisions\/51301"}],"wp:featuredmedia":[{"embeddable":true,"href":"https:\/\/colimdo.org\/wp-api\/wp\/v2\/media\/51300"}],"wp:attachment":[{"href":"https:\/\/colimdo.org\/wp-api\/wp\/v2\/media?parent=51299"}],"wp:term":[{"taxonomy":"category","embeddable":true,"href":"https:\/\/colimdo.org\/wp-api\/wp\/v2\/categories?post=51299"},{"taxonomy":"post_tag","embeddable":true,"href":"https:\/\/colimdo.org\/wp-api\/wp\/v2\/tags?post=51299"}],"curies":[{"name":"wp","href":"https:\/\/api.w.org\/{rel}","templated":true}]}}