{"id":51319,"date":"2019-04-07T14:16:32","date_gmt":"2019-04-07T14:16:32","guid":{"rendered":"https:\/\/colimdo.org\/?p=51319"},"modified":"2019-04-07T14:16:32","modified_gmt":"2019-04-07T14:16:32","slug":"afirman-hubo-negligencia-muerte-luchador-centro-olimpico-dominicano","status":"publish","type":"post","link":"https:\/\/colimdo.org\/noticias\/afirman-hubo-negligencia-muerte-luchador-centro-olimpico-dominicano\/","title":{"rendered":"Afirman hubo negligencia en muerte de luchador en el Centro Ol\u00edmpico Dominicano"},"content":{"rendered":"<div class=\"paragraph\">\n<p>SANTO DOMINGO (DIARIO LIBRE). Los sue\u00f1os del luchador de estilo greco Juan Carlos D\u00edaz Mord\u00e1n fueron segados, seg\u00fan se cree, por un infarto la madrugada de este s\u00e1bado.<\/p>\n<p>Seg\u00fan se inform\u00f3 con un poco m\u00e1s de disponibilidad a los que se requiri\u00f3 ayuda, el atleta de apenas 24 a\u00f1os se hubiera salvado.<\/p>\n<p>\u201cNos dijeron que fueron tres infartos, pero todav\u00eda a\u00fan le van a hacer la autopsia\u201d, dijo el luchador Jeffrey \u00c1vila sobre su fenecido compa\u00f1ero de lucha ol\u00edmpica.<\/p>\n<p>Despu\u00e9s de mucho ir y venir y con varios minutos perdidos, cuando finalmente llegaron al Hospital Central de las Fuerzas Armadas, ya hab\u00eda fallecido.<\/p>\n<p>D\u00edaz Mord\u00e1n asisti\u00f3 en febrero pasado a una base de entrenamientos en Cuba y para el 15 de abril se encontraba entre los luchadores que asistir\u00e1n a Argentina a un clasificatorio de su deporte para los Juegos Panamericanos de Lima. \u00c9l compet\u00eda en el peso pesado.<\/p>\n<p>El presidente de la Federaci\u00f3n Dominicana de Lucha, Antonio Acosta inform\u00f3 que el cuerpo de D\u00edaz Mord\u00e1n se encuentra en el Instituto Nacional de Ciencias Forenses (Inacif) para determinar la causa del deceso. Acosta se present\u00f3 al local de la Federaci\u00f3n, as\u00ed como el presidente del Comit\u00e9 Ol\u00edmpico Dominicano, Luis\u00edn Mej\u00eda y el jefe de la Fuerza A\u00e9rea de Rep\u00fablica Dominicana, mayor general piloto Richard V\u00e1squez Jim\u00e9nez.<\/p>\n<p>En el momento en que los minutos por salvar una vida cuentan, de acuerdo a informaciones recogidas, los hechos no se sumaron a favor de D\u00edaz Mord\u00e1n, quien desde los 14 a\u00f1os resid\u00eda en el Pabell\u00f3n de Lucha, del Centro Ol\u00edmpico Juan Pablo Duarte.<\/p>\n<p>Una llamada al 9-1-1, que acudi\u00f3 entre 25 y 30 minutos despu\u00e9s del contacto, adem\u00e1s de la negatividad de una unidad policial que se acerc\u00f3 al Pabell\u00f3n de Lucha y el rechazo de la seguridad apostada en el destacamento policial del Centro Ol\u00edmpico, funcionaron en contra de lo que pudo significar salvarle la vida al joven luchador, nativo de Azua.<\/p>\n<p>El luchador Jeffrey \u00c1vila explic\u00f3 lo ocurrido la madrugada del s\u00e1bado \u201calrededor de las 5\u201d.<\/p>\n<p>\u00c1vila se\u00f1al\u00f3 que en ese instante \u201csentimos que uno de nuestros compa\u00f1eros se estaba quejando de una manera fuerte y nos despertamos todos\u201d.<\/p>\n<p>El hecho ocurri\u00f3 en el \u00e1rea de dormitorio de los atletas en el Pabell\u00f3n de Lucha, que es donde se ubica la residencia atl\u00e9tica de los luchadores, espec\u00edficamente en el segundo nivel de la parte posterior de la instalaci\u00f3n.<\/p>\n<p>\u201cNos despertamos todos y cuando estamos llam\u00e1ndolo por su nombre y no nos responde nos acercamos a \u00e9l a ver qu\u00e9 le pasaba y vimos que estaba convulsionando un poco\u201d.<\/p>\n<p>Alrededor de 60 atletas, entre juveniles y adultos, pernoctan en el pabell\u00f3n.<\/p>\n<p>\u201cInmediatamente llamamos al 9-1-1. Un compa\u00f1ero nuestro llam\u00f3 y esperamos 10 minutos que vinieran. No llegaron en ese tiempo, entonces lo tuvimos que bajar de all\u00e1 arriba hacia aqu\u00ed\u201d, refiri\u00e9ndose al \u00e1rea de la explanada del Pabell\u00f3n, sigui\u00f3 \u00c1vila.<\/p>\n<p>La idea era conseguir un veh\u00edculo \u201co algo\u201d, expresa, con el fin de llevarlo a un centro m\u00e9dico, el m\u00e1s cercano es el Hospital Central de las Fuerzas Armadas de la Polic\u00eda Nacional, ubicado en el extremo norte del Centro Ol\u00edmpico, en la Avenida Ortega y Gasset, unos 5 minutos en veh\u00edculo.<\/p>\n<p>\u201cCuando lo sacamos aqu\u00ed afuera, fuimos al cuartel que est\u00e1 aqu\u00ed (exactamente) frente al Pabell\u00f3n de Lucha y le pedimos ayuda a los guardias que est\u00e1n ah\u00ed para que nos ayuden a llevarlo all\u00e1 y ellos se negaron\u201d, dijo \u00c1vila, sin dejar de ocultar su frustraci\u00f3n.<\/p>\n<\/div>\n<div class=\"entretitulo\">Una segunda llamada<\/div>\n<div class=\"paragraph\">\n<p>\u201cNos dijeron que llamen al 9-1-1 \u2013 los guardias &#8211; y nosotros intentamos llamar al 9-1-1 de nuevo. Habl\u00e9 con ellos (con el 9-1-1). Dur\u00e9 un tiempo hablando con ellos, me dijeron que vendr\u00edan, nunca llegaron\u201d, detalla el luchador.<\/p>\n<p>\u201cLlegaron cuando ya lo llevamos all\u00e1 al (Hospital) Central (de las Fuerzas Armadas)\u201d, dijo.<\/p>\n<div id=\"notap1a-01\" class=\"col-md-7 pb-3 box-detail-content main-content-text js--column-left portlet-column\">\n<div class=\"content-box\">\n<div id=\"\" class=\"portlet-boundary portlet-static-end content-viewer-portlet last full-access norestricted\">\n<div class=\"text\">\n<div id=\"container-1148215\" class=\"mt-3 mb-4 p-3 insert_headline content-capsule\">\n<div class=\"insertBlock\">\n<div class=\"insert_title\"><strong>La patrulla policial que se neg\u00f3<\/strong><\/div>\n<div class=\"Insert_text\">\n<p>\u00c1vila, quien compite en la categor\u00eda de 70 kilogramos y tiene 26 a\u00f1os, indic\u00f3 que transcurrieron \u201calrededor de 20 minutos, nosotros con el muchacho tirado aqu\u00ed, aqu\u00ed afuera\u201d, dice se\u00f1alando nueva vez la explanada del Pabell\u00f3n.<\/p>\n<p>\u201cHab\u00eda una patrulla de Polic\u00eda que tambi\u00e9n nos pudo haber ayudado y no nos brind\u00f3 la ayuda. Nos dijo que no pod\u00eda meterse en eso porque si \u00e9l lo llevaba al hospital y en ese trayecto de aqu\u00ed al hospital se mor\u00eda eso le iba a traer un problema a \u00e9l y por eso no nos quiso ayudar\u201d.<\/p>\n<p>Como reacci\u00f3n, \u00c1vila y sus dem\u00e1s compa\u00f1eros luchadores tomaron una decisi\u00f3n: un taxista.<\/p>\n<p>\u201cEntonces lo que pudimos conseguir fue un taxista. Unos compa\u00f1eros de nosotros salieron a la calle a buscar uno, lo conseguimos y el taxista (que es) estudiante de medicina y cuando \u00e9l lo vio, nos dijo que ya estaba muerto\u201d, relata \u00c1vila.<\/p>\n<p>Explica que el taxista le tom\u00f3 el pulso, le revis\u00f3 las pupilas y \u201cnos dijo que estaba muerto\u201d.<\/p>\n<p>Finalmente lo llevaron al centro hospitalario y cuando lleg\u00f3 \u201cefectivamente estaba muerto, en el hospital intentaron reanimarlo, pero no pudieron reanimarlo. Dijeron que si hubiera llegado 10 minutos antes, quiz\u00e1 le hubiesen salvado la vida\u201d.<\/p>\n<p>No fue as\u00ed. \u00c1vila lament\u00f3 la falta de atenci\u00f3n. \u201cPor negligencia y por burocracia podr\u00edamos decir, no nos brindaron una ayuda\u201d.<\/p>\n<p>Destaca que lo importante es brindar la mano amiga, en lugar de pensar que quien pueda socorrer caiga en alguna dificultad o de meterse en un problema. \u201cPor lo menos me llevo la satisfacci\u00f3n que ayud\u00e9 a una persona. Eso es lo importante\u201d, dice \u00c1vila. \u00bfPerder un empleo, qu\u00e9, cu\u00e1nto paga la Polic\u00eda, 10 mil pesos?\u201d, cuestiona para subrayar \u201c\u00bfqu\u00e9 es eso?\u201d<\/p>\n<p>\u201cY yo estoy seguro que si ayudaste a esa persona no te van votar por ayudar a una persona, por salvarle la vida a una persona no te van a botar de una instituci\u00f3n y es lamentable que estas cosas sucedan en este pa\u00eds\u201d.<\/p>\n<\/div>\n<div class=\"list-number\"><\/div>\n<div class=\"list-detail\"><\/div>\n<div class=\"list-number\"><\/div>\n<div class=\"QuoteAuthor\"><\/div>\n<\/div>\n<\/div>\n<\/div>\n<\/div>\n<\/div>\n<\/div>\n<div class=\"col-md-4 box-detail-content js--column-right\"><\/div>\n<\/div>\n","protected":false},"excerpt":{"rendered":"<p>Reclaman tardanza del 9-1-1 y que dos unidades policiales se negaron a prestar ayuda \u00c1vila, amigo del fenecido atleta: \u201cPor salvarle la vida a una persona no te van a botar de una instituci\u00f3n\u201d<\/p>\n","protected":false},"author":16,"featured_media":51320,"comment_status":"closed","ping_status":"closed","sticky":false,"template":"","format":"standard","meta":[],"categories":[2,60],"tags":[],"acf":[],"_links":{"self":[{"href":"https:\/\/colimdo.org\/wp-api\/wp\/v2\/posts\/51319"}],"collection":[{"href":"https:\/\/colimdo.org\/wp-api\/wp\/v2\/posts"}],"about":[{"href":"https:\/\/colimdo.org\/wp-api\/wp\/v2\/types\/post"}],"author":[{"embeddable":true,"href":"https:\/\/colimdo.org\/wp-api\/wp\/v2\/users\/16"}],"replies":[{"embeddable":true,"href":"https:\/\/colimdo.org\/wp-api\/wp\/v2\/comments?post=51319"}],"version-history":[{"count":1,"href":"https:\/\/colimdo.org\/wp-api\/wp\/v2\/posts\/51319\/revisions"}],"predecessor-version":[{"id":51321,"href":"https:\/\/colimdo.org\/wp-api\/wp\/v2\/posts\/51319\/revisions\/51321"}],"wp:featuredmedia":[{"embeddable":true,"href":"https:\/\/colimdo.org\/wp-api\/wp\/v2\/media\/51320"}],"wp:attachment":[{"href":"https:\/\/colimdo.org\/wp-api\/wp\/v2\/media?parent=51319"}],"wp:term":[{"taxonomy":"category","embeddable":true,"href":"https:\/\/colimdo.org\/wp-api\/wp\/v2\/categories?post=51319"},{"taxonomy":"post_tag","embeddable":true,"href":"https:\/\/colimdo.org\/wp-api\/wp\/v2\/tags?post=51319"}],"curies":[{"name":"wp","href":"https:\/\/api.w.org\/{rel}","templated":true}]}}