{"id":51322,"date":"2019-04-07T14:24:17","date_gmt":"2019-04-07T14:24:17","guid":{"rendered":"https:\/\/colimdo.org\/?p=51322"},"modified":"2019-04-07T14:24:17","modified_gmt":"2019-04-07T14:24:17","slug":"keniano-kipserem-bate-record-del-maraton-rotterdam","status":"publish","type":"post","link":"https:\/\/colimdo.org\/noticias\/keniano-kipserem-bate-record-del-maraton-rotterdam\/","title":{"rendered":"Keniano Kipserem bate el r\u00e9cord del marat\u00f3n de Rotterdam"},"content":{"rendered":"<p class=\"canvas-atom canvas-text Mb(1.0em) Mb(0)--sm Mt(0.8em)--sm\">Madrid, 7 abr (EFE).- El keniano Magnus Kipserem estableci\u00f3 un nuevo r\u00e9cord en el marat\u00f3n de Rotterdam (Holanda) con un tiempo de 2h04:11 tres a\u00f1os despu\u00e9s de su primer triunfo en la prueba.<\/p>\n<p class=\"canvas-atom canvas-text Mb(1.0em) Mb(0)--sm Mt(0.8em)--sm\">Kipserem, de 20 a\u00f1os, estuvo acompa\u00f1ado por el et\u00edope Emanuel Saina hasta los \u00faltimos kil\u00f3metros y rebaj\u00f3 en 17 segundos el r\u00e9cord anterior de la prueba, que pertenec\u00eda a su compatriota Duncan Kibet con 2h04:27 desde hace diez a\u00f1os.<\/p>\n<p class=\"canvas-atom canvas-text Mb(1.0em) Mb(0)--sm Mt(0.8em)--sm\">El ganador -quinto el a\u00f1o pasado- se impuso, en diciembre pasado, en el marat\u00f3n de Abu Dabi con un gran registro de 2h04:04 que no fue homologado porque se comprob\u00f3 que la distancia no se hab\u00eda medido correctamente y era un poco m\u00e1s corta que los 42.195 metros oficiales.<\/p>\n<p class=\"canvas-atom canvas-text Mb(1.0em) Mb(0)--sm Mt(0.8em)--sm\">En categor\u00eda femenina la victoria ha sido para la et\u00edope Ashete Bekele con una marca de 2h22:55.<\/p>\n<p class=\"canvas-atom canvas-text Mb(1.0em) Mb(0)--sm Mt(0.8em)--sm\">Madrid, 7 abr (EFE).- El soriano Dani Mateo consigui\u00f3 este domingo las m\u00ednimas mundial y ol\u00edmpica en su primer marat\u00f3n al acreditar un tiempo de 2h10:53 en Rotterdam (Holanda), donde el keniano Magnus Kipserem se impuso con nuevo r\u00e9cord de la carrera holandesa (2h04:11).<\/p>\n<p class=\"canvas-atom canvas-text Mb(1.0em) Mb(0)--sm Mt(0.8em)--sm\">El disc\u00edpulo de Enrique Pascual, de 29 a\u00f1os, sigui\u00f3 un ritmo parejo durante toda la carrera. Cubri\u00f3 la primera mitad en 1h05:35 y la segunda en 1h05:18.<\/p>\n<p class=\"canvas-atom canvas-text Mb(1.0em) Mb(0)--sm Mt(0.8em)--sm\">La marca m\u00ednima exigida por la Federaci\u00f3n Espa\u00f1ola para el mundial de Doha, que se disputa a finales de septiembre pr\u00f3ximo, es 2h12:15 y la ol\u00edmpica 2h11:30.<\/p>\n<p class=\"canvas-atom canvas-text Mb(1.0em) Mb(0)--sm Mt(0.8em)--sm\">En categor\u00eda femenina, Marta Galimany se clasific\u00f3 octava con un tiempo de 2h30:14 que tambi\u00e9n constituye m\u00ednima para el Mundial de Doha.<\/p>\n<p class=\"canvas-atom canvas-text Mb(1.0em) Mb(0)--sm Mt(0.8em)--sm\">La atleta catalana, que cubri\u00f3 la primera mitad en 1h15:28 y la segunda en 1h14:46, termin\u00f3 pulverizando su marca personal en marat\u00f3n, que era de 2h34:16, conseguida en Berl\u00edn en 2017.<\/p>\n","protected":false},"excerpt":{"rendered":"<p>Magnus Kipserem estableci\u00f3 un nuevo r\u00e9cord en el marat\u00f3n de Rotterdam (Holanda) con un tiempo de 2h04:11 tres a\u00f1os despu\u00e9s de su primer triunfo en la prueba.<\/p>\n","protected":false},"author":16,"featured_media":51323,"comment_status":"closed","ping_status":"closed","sticky":false,"template":"","format":"standard","meta":[],"categories":[2,60],"tags":[],"acf":[],"_links":{"self":[{"href":"https:\/\/colimdo.org\/wp-api\/wp\/v2\/posts\/51322"}],"collection":[{"href":"https:\/\/colimdo.org\/wp-api\/wp\/v2\/posts"}],"about":[{"href":"https:\/\/colimdo.org\/wp-api\/wp\/v2\/types\/post"}],"author":[{"embeddable":true,"href":"https:\/\/colimdo.org\/wp-api\/wp\/v2\/users\/16"}],"replies":[{"embeddable":true,"href":"https:\/\/colimdo.org\/wp-api\/wp\/v2\/comments?post=51322"}],"version-history":[{"count":1,"href":"https:\/\/colimdo.org\/wp-api\/wp\/v2\/posts\/51322\/revisions"}],"predecessor-version":[{"id":51324,"href":"https:\/\/colimdo.org\/wp-api\/wp\/v2\/posts\/51322\/revisions\/51324"}],"wp:featuredmedia":[{"embeddable":true,"href":"https:\/\/colimdo.org\/wp-api\/wp\/v2\/media\/51323"}],"wp:attachment":[{"href":"https:\/\/colimdo.org\/wp-api\/wp\/v2\/media?parent=51322"}],"wp:term":[{"taxonomy":"category","embeddable":true,"href":"https:\/\/colimdo.org\/wp-api\/wp\/v2\/categories?post=51322"},{"taxonomy":"post_tag","embeddable":true,"href":"https:\/\/colimdo.org\/wp-api\/wp\/v2\/tags?post=51322"}],"curies":[{"name":"wp","href":"https:\/\/api.w.org\/{rel}","templated":true}]}}