{"id":51325,"date":"2019-04-07T14:28:20","date_gmt":"2019-04-07T14:28:20","guid":{"rendered":"https:\/\/colimdo.org\/?p=51325"},"modified":"2019-04-07T14:28:35","modified_gmt":"2019-04-07T14:28:35","slug":"club-deportivo-naco-inmortaliza-cinco-deportistas","status":"publish","type":"post","link":"https:\/\/colimdo.org\/noticias\/club-deportivo-naco-inmortaliza-cinco-deportistas\/","title":{"rendered":"Club Deportivo Naco inmortaliza a cinco de sus deportistas"},"content":{"rendered":"<p class=\"x_MsoNormal\">SANTO DOMINGO, El club Deportivo Naco vivi\u00f3 anoche uno de los m\u00e1s grandes momentos en su trayectoria deportiva, cuando cinco exatletas, que llenaron de glorias diversas \u00e9pocas, pasaron a ocupar asientos de por vida en la Plaza de los Inmortales del Deporte Naque\u00f1o.<\/p>\n<p class=\"x_MsoNormal\">Eduardo G\u00f3mez, Cuqui Langa, Emil \u00c1lvarez Soto, Yira P\u00eda Almonte y Laura Fern\u00e1ndez, son los nuevos exaltados a la inmortalidad del deporte del club Naco, en un emotivo acto copado de\u00a0 an\u00e9cdotas y vivencias que cada uno en sus palabras de agradecimiento, expresaron a los presentes en el VII Ceremonial.<\/p>\n<p class=\"x_MsoNormal\">G\u00f3mez y Langa, en baloncesto; Fern\u00e1ndez, en tenis de campo; \u00c1lvarez Soto y Almonte, en tenis de mesa, son legendarias personalidades del deporte en el club Naco, merecedoras de la inmortalizaci\u00f3n, en los 60 a\u00f1os de celebraci\u00f3n de la fundaci\u00f3n de esa entidad deportiva, social y recreativa.<\/p>\n<p class=\"x_MsoNormal\">\u00c1lvarez Soto fue el primero en ser llamado a ingresar a la Plaza de la Inmortalidad Naque\u00f1a, y en ese mismo orden Fern\u00e1ndez, Langa, P\u00eda Almonte y G\u00f3mez, en un acto organizado por la Junta Directiva del club Naco que encabeza Luis Miguel Pou Guerra (Lucho), junto a Genaro Genao, Sergio Tobal, Ernesto Mart\u00ednez, Madeline Andino, Erick Hern\u00e1ndez, Luis Brea y Mario \u00c1lvarez Soto.<\/p>\n<p class=\"x_MsoNormal\">Adem\u00e1s cont\u00f3 con la presencia del ministro de Deportes, Danilo D\u00edaz.<\/p>\n<p class=\"x_MsoNormal\">Una de las dos mujeres exaltadas de la noche, P\u00eda Almonte, expres\u00f3 que \u201choy (ayer) engalanamos el esp\u00edritu indomable que caracteriza a los deportistas naque\u00f1os\u201d.<\/p>\n<p class=\"x_MsoNormal\">De su lado, Laura dijo que \u201ces satisfactorio que te reconozcan como inmortal en el club que te vio nacer y crecer y vivi\u00f3 de cerca nuestros mejores momentos en el deporte\u201d.<\/p>\n<p class=\"x_MsoNormal\">Por su parte, Emil indic\u00f3 que \u201cel tenis de mesa me form\u00f3 en lo que soy hoy en d\u00eda como profesional y persona, y el club Naco me hace \u00e9ste reconocimiento en vida el cual\u00a0 recibo con alegr\u00eda junto a mi familia\u201d.<\/p>\n<p class=\"x_MsoNormal\">Cuqui dio gracias a la directiva del Naco por haberle exaltado y brindarle todo su apoyo en su carrera.<\/p>\n<p class=\"x_MsoNormal\">Eduardo destac\u00f3 que \u201cel club Naco le abri\u00f3 las puertas para jugar baloncesto en el pa\u00eds, y de ah\u00ed me convert\u00ed en el jugador que fui\u201d.<\/p>\n<p class=\"x_MsoNormal\">Apoyo de inmortales<\/p>\n<p class=\"x_MsoNormal\">Legendarias figuras naque\u00f1as asistieron a darle apoyo a los nuevos exaltados como fueron Roosevelt Comarazamy, Mario Emilio Guerrero, Angie Guerrero, Mario Alvarez Soto, Roberto Modesto, Alejandro Tejeda y Maritza Creus.<\/p>\n","protected":false},"excerpt":{"rendered":"<p>Eduardo G\u00f3mez, Cuqui Langa, Emil \u00c1lvarez Soto, Yira P\u00eda Almonte y Laura Fern\u00e1ndez son exaltados a la gloria del deporte naque\u00f1o<\/p>\n","protected":false},"author":16,"featured_media":51326,"comment_status":"closed","ping_status":"closed","sticky":false,"template":"","format":"standard","meta":[],"categories":[2,60],"tags":[],"acf":[],"_links":{"self":[{"href":"https:\/\/colimdo.org\/wp-api\/wp\/v2\/posts\/51325"}],"collection":[{"href":"https:\/\/colimdo.org\/wp-api\/wp\/v2\/posts"}],"about":[{"href":"https:\/\/colimdo.org\/wp-api\/wp\/v2\/types\/post"}],"author":[{"embeddable":true,"href":"https:\/\/colimdo.org\/wp-api\/wp\/v2\/users\/16"}],"replies":[{"embeddable":true,"href":"https:\/\/colimdo.org\/wp-api\/wp\/v2\/comments?post=51325"}],"version-history":[{"count":1,"href":"https:\/\/colimdo.org\/wp-api\/wp\/v2\/posts\/51325\/revisions"}],"predecessor-version":[{"id":51327,"href":"https:\/\/colimdo.org\/wp-api\/wp\/v2\/posts\/51325\/revisions\/51327"}],"wp:featuredmedia":[{"embeddable":true,"href":"https:\/\/colimdo.org\/wp-api\/wp\/v2\/media\/51326"}],"wp:attachment":[{"href":"https:\/\/colimdo.org\/wp-api\/wp\/v2\/media?parent=51325"}],"wp:term":[{"taxonomy":"category","embeddable":true,"href":"https:\/\/colimdo.org\/wp-api\/wp\/v2\/categories?post=51325"},{"taxonomy":"post_tag","embeddable":true,"href":"https:\/\/colimdo.org\/wp-api\/wp\/v2\/tags?post=51325"}],"curies":[{"name":"wp","href":"https:\/\/api.w.org\/{rel}","templated":true}]}}