{"id":51339,"date":"2019-04-07T20:21:56","date_gmt":"2019-04-07T20:21:56","guid":{"rendered":"https:\/\/colimdo.org\/?p=51339"},"modified":"2019-04-07T20:19:44","modified_gmt":"2019-04-07T20:19:44","slug":"antonio-acosta-lamenta-muerte-juan-carlo-diaz-mordan","status":"publish","type":"post","link":"https:\/\/colimdo.org\/noticias\/antonio-acosta-lamenta-muerte-juan-carlo-diaz-mordan\/","title":{"rendered":"Antonio Acosta lamenta muerte de Juan Carlo D\u00edaz Mord\u00e1n"},"content":{"rendered":"<p class=\"x_ydpf6fb0433MsoNoSpacing\">SANTO\u00a0DOMINGO.- El atleta Juan Carlo D\u00edaz Mord\u00e1n falleci\u00f3 la madrugada de este s\u00e1bado v\u00edctima de un infarto. Sus restos fueron sepultados este domingo en el cementerio municipal de Azua.<\/p>\n<p class=\"x_ydpf6fb0433MsoNoSpacing\">Su muerte llena de luto a la familia de lucha y al movimiento deportivo en general, declar\u00f3 Acosta, se\u00f1alando que sus compa\u00f1eros le acompa\u00f1aron.<\/p>\n<p class=\"x_ydpf6fb0433MsoNoSpacing\">A prop\u00f3sito de este suceso, el licenciado Antonio Acosta, presidente de la Federaci\u00f3n Dominicana de Lucha, lament\u00f3 el deceso del atleta, el que seg\u00fan dijo, viajar\u00eda el pr\u00f3ximo 16 de abril a Argentina, donde se efectuar\u00e1 un Campeonato Clasificatorio, de cara a los Juegos Panamericanos de Lima.<\/p>\n<p class=\"x_ydpf6fb0433MsoNoSpacing\">Acosta reclam\u00f3 de las autoridades el establecimiento de un servicio de ambulancia en el Centro Ol\u00edmpico Juan Pablo Duarte, adonde entrenan y viven cientos de deportistas.<\/p>\n<p class=\"x_ydpf6fb0433MsoNoSpacing\">Asimismo, solicit\u00f3 la elaboraci\u00f3n de un plan m\u00e9dico para someter a todo atleta que ingrese a una selecci\u00f3n, les sean practicados an\u00e1lisis correspondientes para determinar cualesquier patolog\u00eda y prevenir desgracias como la que hoy ha tocado al deporte de lucha. Habl\u00f3 tambi\u00e9n de la importancia de que se hagan chequeos rutinarios anualmente a todo atleta de Alto Rendimiento.<\/p>\n<p class=\"x_ydpf6fb0433MsoNoSpacing\">D\u00edaz Mord\u00e1n comenz\u00f3 a sentirse con fuertes dolores en el pecho y sus compa\u00f1eros llamaron al 911 pero ese servicio nunca lleg\u00f3, por lo que optaron por llevarlo en un carro al hospital general de las Fuerzas Armadas, pero all\u00ed fue declarado muerto.<\/p>\n<p class=\"x_ydpf6fb0433MsoNoSpacing\">Llevaba diez a\u00f1os viviendo en la villa instalada en el pabell\u00f3n de lucha del centro ol\u00edmpico Juan Pablo Duarte, en su condici\u00f3n de miembro de la selecci\u00f3n nacional de ese deporte y recientemente hab\u00eda sido ascendido a cabo de la Fuerza A\u00e9rea de la Rep\u00fablica Dominicana.<\/p>\n<p class=\"x_ydpf6fb0433MsoNoSpacing\">Al momento de su fallecimiento, D\u00edaz Mord\u00e1n ten\u00eda 25 a\u00f1os y deja en la orfandad a tres ni\u00f1os.<\/p>\n<p class=\"x_ydpf6fb0433MsoNoSpacing\">D\u00edaz Mord\u00e1n asisti\u00f3 en febrero pasado a una base de entrenamientos en Cuba.<\/p>\n","protected":false},"excerpt":{"rendered":"<p>Acosta solicita se hagan ex\u00e1menes preventivos a los atletas por muerte de Diaz Mord\u00e1n<\/p>\n","protected":false},"author":16,"featured_media":51340,"comment_status":"closed","ping_status":"closed","sticky":false,"template":"","format":"standard","meta":[],"categories":[2,60],"tags":[],"acf":[],"_links":{"self":[{"href":"https:\/\/colimdo.org\/wp-api\/wp\/v2\/posts\/51339"}],"collection":[{"href":"https:\/\/colimdo.org\/wp-api\/wp\/v2\/posts"}],"about":[{"href":"https:\/\/colimdo.org\/wp-api\/wp\/v2\/types\/post"}],"author":[{"embeddable":true,"href":"https:\/\/colimdo.org\/wp-api\/wp\/v2\/users\/16"}],"replies":[{"embeddable":true,"href":"https:\/\/colimdo.org\/wp-api\/wp\/v2\/comments?post=51339"}],"version-history":[{"count":1,"href":"https:\/\/colimdo.org\/wp-api\/wp\/v2\/posts\/51339\/revisions"}],"predecessor-version":[{"id":51341,"href":"https:\/\/colimdo.org\/wp-api\/wp\/v2\/posts\/51339\/revisions\/51341"}],"wp:featuredmedia":[{"embeddable":true,"href":"https:\/\/colimdo.org\/wp-api\/wp\/v2\/media\/51340"}],"wp:attachment":[{"href":"https:\/\/colimdo.org\/wp-api\/wp\/v2\/media?parent=51339"}],"wp:term":[{"taxonomy":"category","embeddable":true,"href":"https:\/\/colimdo.org\/wp-api\/wp\/v2\/categories?post=51339"},{"taxonomy":"post_tag","embeddable":true,"href":"https:\/\/colimdo.org\/wp-api\/wp\/v2\/tags?post=51339"}],"curies":[{"name":"wp","href":"https:\/\/api.w.org\/{rel}","templated":true}]}}