{"id":51342,"date":"2019-04-07T19:32:41","date_gmt":"2019-04-07T19:32:41","guid":{"rendered":"https:\/\/colimdo.org\/?p=51342"},"modified":"2019-04-07T19:35:17","modified_gmt":"2019-04-07T19:35:17","slug":"miguel-sano-ha-reanudado-actividades-beisbol","status":"publish","type":"post","link":"https:\/\/colimdo.org\/noticias\/miguel-sano-ha-reanudado-actividades-beisbol\/","title":{"rendered":"Miguel San\u00f3 ha reanudado sus actividades de b\u00e9isbol"},"content":{"rendered":"<p>FILADELFIA (MLB) &#8212; El antesalista dominicano de los Twins, Miguel \u00c1ngel San\u00f3, ha dado otro paso hacia su recuperaci\u00f3n de una cortada en el tal\u00f3n de Aquiles derecho. El quisqueyano ahora est\u00e1 participando en actividades de b\u00e9isbol, incluyendo lanzamientos, fildeo y realizando swings.<\/p>\n<p>Aunque el piloto Rocco Baldelli no quiso fijar una fecha para que San\u00f3 participe en juegos de Ligas Menores, indic\u00f3 que la asignaci\u00f3n de rehabilitaci\u00f3n de San\u00f3 \u201cpodr\u00eda comenzar en una semana\u201d.<\/p>\n<p>\u201cNo ser\u00e1 algo que suceda inmediatamente\u201d, declar\u00f3 Baldelli.<\/p>\n<p>San\u00f3, quien se lastim\u00f3 el pie en enero durante un desfile de celebraci\u00f3n despu\u00e9s de que las Estrellas Orientales conquistaron el t\u00edtulo de la liga invernal dominicana, viaj\u00f3 a Minneapolis con el equipo tras los Entrenamientos de Primavera para continuar su recuperaci\u00f3n junto a los m\u00e9dicos del club.<\/p>\n<p>Los Twins han tenido cautela en el progreso de San\u00f3 para evitar persistentes problemas con la lesi\u00f3n y tambi\u00e9n porque no trabaj\u00f3 como el resulto del conjunto durante los Entrenamientos de Primavera.<\/p>\n","protected":false},"excerpt":{"rendered":"<p>Aunque el piloto Rocco Baldelli no quiso fijar una fecha para que San\u00f3 participe en juegos de Ligas Menores, indic\u00f3 que la asignaci\u00f3n de rehabilitaci\u00f3n de San\u00f3 \u201cpodr\u00eda comenzar en una semana\u201d.<\/p>\n","protected":false},"author":16,"featured_media":51344,"comment_status":"closed","ping_status":"closed","sticky":false,"template":"","format":"standard","meta":[],"categories":[2,60],"tags":[],"acf":[],"_links":{"self":[{"href":"https:\/\/colimdo.org\/wp-api\/wp\/v2\/posts\/51342"}],"collection":[{"href":"https:\/\/colimdo.org\/wp-api\/wp\/v2\/posts"}],"about":[{"href":"https:\/\/colimdo.org\/wp-api\/wp\/v2\/types\/post"}],"author":[{"embeddable":true,"href":"https:\/\/colimdo.org\/wp-api\/wp\/v2\/users\/16"}],"replies":[{"embeddable":true,"href":"https:\/\/colimdo.org\/wp-api\/wp\/v2\/comments?post=51342"}],"version-history":[{"count":1,"href":"https:\/\/colimdo.org\/wp-api\/wp\/v2\/posts\/51342\/revisions"}],"predecessor-version":[{"id":51343,"href":"https:\/\/colimdo.org\/wp-api\/wp\/v2\/posts\/51342\/revisions\/51343"}],"wp:featuredmedia":[{"embeddable":true,"href":"https:\/\/colimdo.org\/wp-api\/wp\/v2\/media\/51344"}],"wp:attachment":[{"href":"https:\/\/colimdo.org\/wp-api\/wp\/v2\/media?parent=51342"}],"wp:term":[{"taxonomy":"category","embeddable":true,"href":"https:\/\/colimdo.org\/wp-api\/wp\/v2\/categories?post=51342"},{"taxonomy":"post_tag","embeddable":true,"href":"https:\/\/colimdo.org\/wp-api\/wp\/v2\/tags?post=51342"}],"curies":[{"name":"wp","href":"https:\/\/api.w.org\/{rel}","templated":true}]}}