{"id":51345,"date":"2019-04-07T19:54:02","date_gmt":"2019-04-07T19:54:02","guid":{"rendered":"https:\/\/colimdo.org\/?p=51345"},"modified":"2019-04-07T19:54:02","modified_gmt":"2019-04-07T19:54:02","slug":"miguel-andujar-realizaria-tiros-la-proxima-semana","status":"publish","type":"post","link":"https:\/\/colimdo.org\/noticias\/miguel-andujar-realizaria-tiros-la-proxima-semana\/","title":{"rendered":"Miguel And\u00fajar realizar\u00eda tiros la pr\u00f3xima semana"},"content":{"rendered":"<p>BALTIMORE &#8212; Mientras el colombiano Gio Urshela se perfila a ser el antesalista titular de los Yankees, el dominicano Miguel And\u00fajar sigue optimista de que su estad\u00eda en la lista de incapacitados ser\u00e1 corta.<\/p>\n<p>And\u00fajar volvi\u00f3 a fildear rodadas en la tercera base este fin de semana, aunque no ha lanzado ni ha dado swings. El quisqueyano podr\u00eda comenzar a realizar ligeros tiros, seg\u00fan inform\u00f3 el piloto de los Bombarderos, Aaron Boone.<\/p>\n<p>\u201cExiste una posibilidad de que su ausencia no sea por mucho tiempo\u201d, expres\u00f3 Boone. \u201cSi no progresa, necesitar\u00eda operarse, lo que pone en duda el resto de su temporada. Nos sentimos optimistas debido a la fuerza que hemos notado en todas las pruebas que le hemos realizado\u201d.<\/p>\n","protected":false},"excerpt":{"rendered":"<p>And\u00fajar volvi\u00f3 a fildear rodadas en la tercera base este fin de semana, aunque no ha lanzado ni ha dado swings. El quisqueyano podr\u00eda comenzar a realizar ligeros tiros, seg\u00fan inform\u00f3 el piloto de los Bombarderos, Aaron Boone.<\/p>\n","protected":false},"author":16,"featured_media":51346,"comment_status":"closed","ping_status":"closed","sticky":false,"template":"","format":"standard","meta":[],"categories":[2,60],"tags":[],"acf":[],"_links":{"self":[{"href":"https:\/\/colimdo.org\/wp-api\/wp\/v2\/posts\/51345"}],"collection":[{"href":"https:\/\/colimdo.org\/wp-api\/wp\/v2\/posts"}],"about":[{"href":"https:\/\/colimdo.org\/wp-api\/wp\/v2\/types\/post"}],"author":[{"embeddable":true,"href":"https:\/\/colimdo.org\/wp-api\/wp\/v2\/users\/16"}],"replies":[{"embeddable":true,"href":"https:\/\/colimdo.org\/wp-api\/wp\/v2\/comments?post=51345"}],"version-history":[{"count":1,"href":"https:\/\/colimdo.org\/wp-api\/wp\/v2\/posts\/51345\/revisions"}],"predecessor-version":[{"id":51347,"href":"https:\/\/colimdo.org\/wp-api\/wp\/v2\/posts\/51345\/revisions\/51347"}],"wp:featuredmedia":[{"embeddable":true,"href":"https:\/\/colimdo.org\/wp-api\/wp\/v2\/media\/51346"}],"wp:attachment":[{"href":"https:\/\/colimdo.org\/wp-api\/wp\/v2\/media?parent=51345"}],"wp:term":[{"taxonomy":"category","embeddable":true,"href":"https:\/\/colimdo.org\/wp-api\/wp\/v2\/categories?post=51345"},{"taxonomy":"post_tag","embeddable":true,"href":"https:\/\/colimdo.org\/wp-api\/wp\/v2\/tags?post=51345"}],"curies":[{"name":"wp","href":"https:\/\/api.w.org\/{rel}","templated":true}]}}