{"id":51401,"date":"2019-04-09T00:34:57","date_gmt":"2019-04-09T00:34:57","guid":{"rendered":"https:\/\/colimdo.org\/?p=51401"},"modified":"2019-04-09T00:34:57","modified_gmt":"2019-04-09T00:34:57","slug":"miguel-feris-chalas-presidente-las-estrellas","status":"publish","type":"post","link":"https:\/\/colimdo.org\/noticias\/miguel-feris-chalas-presidente-las-estrellas\/","title":{"rendered":"Miguel Feris Chalas es el presidente de las Estrellas"},"content":{"rendered":"<p>SAN PEDRO DE MACOR\u00cdS.- La asamblea de accionistas de la Corporaci\u00f3n Deportiva de San Pedro de Macor\u00eds, propietaria del equipo de b\u00e9isbol Estrellas Orientales, eligi\u00f3 este lunes al ingeniero Miguel Feris como su presidente.<\/p>\n<p>El electo presidente es hijo del doctor Miguel Feris Iglesias, presidente fundador de la citada Corporaci\u00f3n Deportiva.<\/p>\n<p>El nuevo presidente tiene varios a\u00f1os como miembro de su directiva, en la cual ocupaba el puesto de vicepresidente y sucede al licenciado Jos\u00e9 Manuel Mall\u00e9n Santos, cargos que pasaron a ostentar ambos a ra\u00edz del fallecimiento del doctor Miguel Feris Iglesias.<\/p>\n<p>Junto al ingeniero Miguel Feris fueron electos: Jos\u00e9 Manuel Mall\u00e9n Calac, 1er Vicepresidente; P\u00e1vel Aguil\u00f3, Vicepresidente Ejecutivo; Ernesto Armenteros Calac, Tesorero; Jesus Feris Ferrus, Secretario; Luis Manuel Aguil\u00f3, Vicepresidente de Mercadeo y Comunicaciones; y como vocales los se\u00f1ores: Jos\u00e9 Hazim Torres,<\/p>\n<p>Kalil Hach\u00e9, Diones Pimentel Aguil\u00f3, Ram\u00f3n Zaglul, Alejandro Gonz\u00e1lez, C\u00e9sar Mella, Roberto Camino, Alexia Feris Ferrus, Laurence Hazoury Toca, Luis Guerrero Feris, Roberto Herrera, Luis Mej\u00eda Brache, y Luis Velasquez.<\/p>\n<p>El ingeniero Feris manifest\u00f3 que el club seguir\u00e1 con el trabajo arduo que lo llev\u00f3 a coronarse campe\u00f3n en el torneo pasado. Se\u00f1al\u00f3 que el trabajo en equipo continuar\u00e1 siendo el principal valor en la ejecuci\u00f3n de quienes tienen la misi\u00f3n de liderar el club.<\/p>\n<p>Tambi\u00e9n prometi\u00f3 que en los pr\u00f3ximos d\u00edas har\u00e1 algunos anuncios importantes respecto a la estructuraci\u00f3n del equipo, de cara a la pr\u00f3xima temporada de b\u00e9isbol profesional.<\/p>\n","protected":false},"excerpt":{"rendered":"<p>SAN PEDRO DE MACOR\u00cdS.- La asamblea de accionistas de la Corporaci\u00f3n Deportiva de San Pedro de Macor\u00eds, propietaria del equipo de b\u00e9isbol Estrellas Orientales, eligi\u00f3 este lunes al ingeniero Miguel Feris como su presidente. El electo presidente es hijo del doctor Miguel Feris Iglesias, presidente fundador de la citada Corporaci\u00f3n Deportiva. El nuevo presidente tiene [&hellip;]<\/p>\n","protected":false},"author":9,"featured_media":51402,"comment_status":"closed","ping_status":"closed","sticky":false,"template":"","format":"standard","meta":[],"categories":[2,60],"tags":[],"acf":[],"_links":{"self":[{"href":"https:\/\/colimdo.org\/wp-api\/wp\/v2\/posts\/51401"}],"collection":[{"href":"https:\/\/colimdo.org\/wp-api\/wp\/v2\/posts"}],"about":[{"href":"https:\/\/colimdo.org\/wp-api\/wp\/v2\/types\/post"}],"author":[{"embeddable":true,"href":"https:\/\/colimdo.org\/wp-api\/wp\/v2\/users\/9"}],"replies":[{"embeddable":true,"href":"https:\/\/colimdo.org\/wp-api\/wp\/v2\/comments?post=51401"}],"version-history":[{"count":1,"href":"https:\/\/colimdo.org\/wp-api\/wp\/v2\/posts\/51401\/revisions"}],"predecessor-version":[{"id":51403,"href":"https:\/\/colimdo.org\/wp-api\/wp\/v2\/posts\/51401\/revisions\/51403"}],"wp:featuredmedia":[{"embeddable":true,"href":"https:\/\/colimdo.org\/wp-api\/wp\/v2\/media\/51402"}],"wp:attachment":[{"href":"https:\/\/colimdo.org\/wp-api\/wp\/v2\/media?parent=51401"}],"wp:term":[{"taxonomy":"category","embeddable":true,"href":"https:\/\/colimdo.org\/wp-api\/wp\/v2\/categories?post=51401"},{"taxonomy":"post_tag","embeddable":true,"href":"https:\/\/colimdo.org\/wp-api\/wp\/v2\/tags?post=51401"}],"curies":[{"name":"wp","href":"https:\/\/api.w.org\/{rel}","templated":true}]}}