{"id":51407,"date":"2019-04-09T01:27:12","date_gmt":"2019-04-09T01:27:12","guid":{"rendered":"https:\/\/colimdo.org\/?p=51407"},"modified":"2019-04-09T01:27:12","modified_gmt":"2019-04-09T01:27:12","slug":"remo-canotaje-establecera-centro-desarrollo-miches","status":"publish","type":"post","link":"https:\/\/colimdo.org\/noticias\/remo-canotaje-establecera-centro-desarrollo-miches\/","title":{"rendered":"Remo y Canotaje establecer\u00e1 centro de desarrollo en Miches"},"content":{"rendered":"<p>Miches (El Seibo).- La Federaci\u00f3n Dominicana de Remo y Canotaje (Fedoreca) escogi\u00f3 la zona de playa Alta, en el municipio de Miches, El Seibo, para la instalaci\u00f3n de un centro de desarrollo y captaci\u00f3n de talentos, as\u00ed como para la capacitaci\u00f3n de entrenadores para ambos deportes.<\/p>\n<p>El anuncio fue realizado este fin de semana por el presidente de Fedoreca, periodista Andr\u00e9s Osiris Tejeda Cess\u00e9, tras un recorrido por la zona junto a los entrenadores Bryans Chalas y Julio C\u00e9sar M\u00e9ndez; visita que encabezaron el gobernador de la provincia de El Seibo, Gerardo Casanova; el alcalde de Miches, Federico Bencosme, y el director provincial del Ministerio de Deportes, Lalane Jos\u00e9 Mart\u00ednez.<\/p>\n<p>Casanova mostr\u00f3 a los dirigentes de Fedoreca las facilidades y atractivos de playa Alta, la cual fue aprobada para el desarrollo del canotaje oce\u00e1nico y sus dem\u00e1s modalidades, al igual que para la pr\u00e1ctica del remo de playa, de acuerdo al criterio de los entrenador es Chalas y M\u00e9ndez.<\/p>\n<p>Tejeda Cess\u00e9 anunci\u00f3 que Fedoreca enviar\u00e1 entrenadores y embarcaciones de kayak y canoa para iniciar el proceso de preparaci\u00f3n de atletas de 13 a 19 a\u00f1os en ambas ramas y la incorporaci\u00f3n de profesores de educaci\u00f3n f\u00edsica para ofrecerles cursos de iniciaci\u00f3n de entrenadores.<\/p>\n<p>Agreg\u00f3 que su instituci\u00f3n cuenta con el apoyo del Comit\u00e9 Ol\u00edmpico Dominicano (COD), el Ministerio de Deportes, la Confederaci\u00f3n Panamericana de Canotaje (Copac-ICF) y la Federaci\u00f3n Internacional de Remo (Fisa) para cumplir con sus objetivos.<\/p>\n<p>Juramentan Asociaci\u00f3n de El Seibo<\/p>\n<p>Tejeda Cess\u00e9, adem\u00e1s, dej\u00f3 juramentada la Asociaci\u00f3n de Remo y Canotaje de El Seibo al concluir la asamblea constitutiva con la participaci\u00f3n de profesores de educaci\u00f3n f\u00edsica, atletas y dirigentes de la Uni\u00f3n Deportiva Seibana en el sal\u00f3n de actos de la Alcald\u00eda de Miches.<\/p>\n<p>La directiva qued\u00f3 integrada por Gustavo D\u00edaz Vargas, presidente; Danis Willians Severino Naranjo, vicepresidente; Juan Ram\u00f3n de La Cruz, secretario; Juan Ren\u00e9 Linares, tesorero, y Anauri Nieves Jim\u00e9nez, miembro.<\/p>\n<p>La comisi\u00f3n electoral fue presidida por Tejeda Cess\u00e9, asistido de Israel Antonio Guti\u00e9rrez, secretario, y Nicasio de Jes\u00fas Garc\u00eda, miembro, quienes son presidente y vicepresidente de la Uni\u00f3n Deportiva Seibana, respectivamente. El juramento de los nuevos dirigentes lo realiz\u00f3 el presidente de Fedoreca en presencia de Casanova y Mart\u00ednez.<\/p>\n","protected":false},"excerpt":{"rendered":"<p>El anuncio fue realizado este fin de semana por el presidente de Fedoreca, periodista Andr\u00e9s Osiris Tejeda Cess\u00e9, tras un recorrido por la zona junto a los entrenadores Bryans Chalas y Julio C\u00e9sar M\u00e9ndez; visita que encabezaron el gobernador de la provincia de El Seibo, Gerardo Casanova; el alcalde de Miches, Federico Bencosme, y el director provincial del Ministerio de Deportes, Lalane Jos\u00e9 Mart\u00ednez.<\/p>\n","protected":false},"author":16,"featured_media":51408,"comment_status":"closed","ping_status":"closed","sticky":false,"template":"","format":"standard","meta":[],"categories":[2,60],"tags":[],"acf":[],"_links":{"self":[{"href":"https:\/\/colimdo.org\/wp-api\/wp\/v2\/posts\/51407"}],"collection":[{"href":"https:\/\/colimdo.org\/wp-api\/wp\/v2\/posts"}],"about":[{"href":"https:\/\/colimdo.org\/wp-api\/wp\/v2\/types\/post"}],"author":[{"embeddable":true,"href":"https:\/\/colimdo.org\/wp-api\/wp\/v2\/users\/16"}],"replies":[{"embeddable":true,"href":"https:\/\/colimdo.org\/wp-api\/wp\/v2\/comments?post=51407"}],"version-history":[{"count":1,"href":"https:\/\/colimdo.org\/wp-api\/wp\/v2\/posts\/51407\/revisions"}],"predecessor-version":[{"id":51409,"href":"https:\/\/colimdo.org\/wp-api\/wp\/v2\/posts\/51407\/revisions\/51409"}],"wp:featuredmedia":[{"embeddable":true,"href":"https:\/\/colimdo.org\/wp-api\/wp\/v2\/media\/51408"}],"wp:attachment":[{"href":"https:\/\/colimdo.org\/wp-api\/wp\/v2\/media?parent=51407"}],"wp:term":[{"taxonomy":"category","embeddable":true,"href":"https:\/\/colimdo.org\/wp-api\/wp\/v2\/categories?post=51407"},{"taxonomy":"post_tag","embeddable":true,"href":"https:\/\/colimdo.org\/wp-api\/wp\/v2\/tags?post=51407"}],"curies":[{"name":"wp","href":"https:\/\/api.w.org\/{rel}","templated":true}]}}