{"id":51410,"date":"2019-04-09T01:31:32","date_gmt":"2019-04-09T01:31:32","guid":{"rendered":"https:\/\/colimdo.org\/?p=51410"},"modified":"2019-04-09T01:35:56","modified_gmt":"2019-04-09T01:35:56","slug":"anuncian-campeonato-nacional-natacion-e-internacional-open","status":"publish","type":"post","link":"https:\/\/colimdo.org\/noticias\/anuncian-campeonato-nacional-natacion-e-internacional-open\/","title":{"rendered":"Anuncian Campeonato Nacional de Nataci\u00f3n e Internacional Open"},"content":{"rendered":"<p>SANTO DOMINGO. La Federaci\u00f3n Dominicana de Nataci\u00f3n (Fedona) anunci\u00f3 este lunes la celebraci\u00f3n del quinto Dominican Internacional Swin Open y el Campeonato Nacional 2019 con m\u00e1s de 260 competidores, el cual est\u00e1 dedicado al licenciado Danilo D\u00edaz Vizca\u00edno, ministro de Deportes y Recreaci\u00f3n.<\/p>\n<p>La importante justa de categor\u00eda abierta tendr\u00e1 lugar desde este jueves 11 al domingo 14 en la piscina del parque acu\u00e1tico del Centro Ol\u00edmpico Juan Pablo Duarte.<\/p>\n<p>Al ofrecer la informaci\u00f3n en rueda de prensa, Radham\u00e9s Tav\u00e1rez, presidente de la Fedona, valor\u00f3 el importante apoyo que le ha profesado el ministro D\u00edaz a este deporte con la reparaci\u00f3n del complejo acu\u00e1tico para que el evento pueda ser una realidad.<\/p>\n<p>\u201cLa familia de la nataci\u00f3n dominicana est\u00e1 de fiesta porque se nos dieron nuestras aspiraciones para este 2019 con la recuperaci\u00f3n del centro acu\u00e1tico; esto se debe al apoyo sostenible que nos facilit\u00f3 el ministro D\u00edaz, el cual se inici\u00f3 con el rescate de la piscina de La Vega.<\/p>\n<p>Por lo tanto, el comit\u00e9 ejecutivo de la Fedona consider\u00f3 merecedor de la dedicatoria de este campeonato\u201d, manifest\u00f3 Tavares, durante la rueda de prensa celebrada en el Sal\u00f3n James Rodr\u00edguez del Ministerio de Deportes.<\/p>\n<p>De igual forma, asegur\u00f3 que se ha realizado todo lo posible para que la justa coseche el mayor de los \u00e9xitos como en ocasiones anteriores y que la inauguraci\u00f3n oficial ser\u00e1 el viernes a las 4:30 de la tarde en el parque acu\u00e1tico.<\/p>\n<p><strong>Habla el ministro<\/strong><br \/>\nEl incumbente de Deportes dijo que los dos objetivos principales de este evento era la recuperaci\u00f3n del centro acu\u00e1tico, y la otra que los atletas vayan mejor preparados a los Juegos Panamericano de Lima.<\/p>\n<p>\u201cHemos realizado un trabajo coordinado entre el Ministerio de Deportes y la Fedona para rescatar este centro que ha beneficiado a miles de dominicanos. Para estos trabajos en la piscina se efectu\u00f3 una inversi\u00f3n de 20 millones de pesos con el objetivo de que nuestro atletas vayan mejores preparados a sus compromisos en los Juegos Panamericanos de Lima 2019\u201d, acot\u00f3 D\u00edaz Vizca\u00edno.<\/p>\n<p><strong>Clasificatorio<\/strong><br \/>\nEl director t\u00e9cnico del evento, Adrian Marte, dijo que la justa es clasificatoria para los Juegos Panamericanos de Lima 2019, el Campeonato Mundial de Nataci\u00f3n en Gwangju, Corea, y los Juegos Ol\u00edmpicos de Tokio 2020.<\/p>\n<p>Agreg\u00f3 que accionar\u00e1n 262 nadadores de las principales asociaciones del pa\u00eds y tendr\u00e1 como invitados especiales a Costa Rica y Bolivia.<\/p>\n<p>Adem\u00e1s de Tav\u00e1rez, D\u00edaz y Marte, ocuparon la mesa principal Henry Mej\u00eda, vicepresidente de la Fedona; Margarita J\u00e1quez, coordinadora general del evento; y Pen\u00e9lope M\u00e9ndez, miembro del comit\u00e9 organizador.<\/p>\n<p>El campeonato cuenta con el fiel apoyo del Ministerio de Deportes, el Comit\u00e9 Ol\u00edmpico Dominicano, la Junta Central Electoral, Eagle Paint, Soluciones Tech, Bepensa Dominicana, Cementos Cibao, entre otros.<\/p>\n","protected":false},"excerpt":{"rendered":"<p>La importante justa de categor\u00eda abierta tendr\u00e1 lugar desde este jueves 11 al domingo 14 en la piscina del parque acu\u00e1tico del Centro Ol\u00edmpico Juan Pablo Duarte.<\/p>\n","protected":false},"author":16,"featured_media":51411,"comment_status":"closed","ping_status":"closed","sticky":false,"template":"","format":"standard","meta":[],"categories":[2,60],"tags":[],"acf":[],"_links":{"self":[{"href":"https:\/\/colimdo.org\/wp-api\/wp\/v2\/posts\/51410"}],"collection":[{"href":"https:\/\/colimdo.org\/wp-api\/wp\/v2\/posts"}],"about":[{"href":"https:\/\/colimdo.org\/wp-api\/wp\/v2\/types\/post"}],"author":[{"embeddable":true,"href":"https:\/\/colimdo.org\/wp-api\/wp\/v2\/users\/16"}],"replies":[{"embeddable":true,"href":"https:\/\/colimdo.org\/wp-api\/wp\/v2\/comments?post=51410"}],"version-history":[{"count":2,"href":"https:\/\/colimdo.org\/wp-api\/wp\/v2\/posts\/51410\/revisions"}],"predecessor-version":[{"id":51413,"href":"https:\/\/colimdo.org\/wp-api\/wp\/v2\/posts\/51410\/revisions\/51413"}],"wp:featuredmedia":[{"embeddable":true,"href":"https:\/\/colimdo.org\/wp-api\/wp\/v2\/media\/51411"}],"wp:attachment":[{"href":"https:\/\/colimdo.org\/wp-api\/wp\/v2\/media?parent=51410"}],"wp:term":[{"taxonomy":"category","embeddable":true,"href":"https:\/\/colimdo.org\/wp-api\/wp\/v2\/categories?post=51410"},{"taxonomy":"post_tag","embeddable":true,"href":"https:\/\/colimdo.org\/wp-api\/wp\/v2\/tags?post=51410"}],"curies":[{"name":"wp","href":"https:\/\/api.w.org\/{rel}","templated":true}]}}