{"id":51436,"date":"2019-04-09T14:55:46","date_gmt":"2019-04-09T14:55:46","guid":{"rendered":"https:\/\/colimdo.org\/?p=51436"},"modified":"2019-04-09T14:55:46","modified_gmt":"2019-04-09T14:55:46","slug":"suecia-confirma-apoyo-la-candidatura-estocolmo-los-juegos-2026","status":"publish","type":"post","link":"https:\/\/colimdo.org\/noticias\/suecia-confirma-apoyo-la-candidatura-estocolmo-los-juegos-2026\/","title":{"rendered":"Suecia confirma el apoyo a la candidatura de Estocolmo para los Juegos de 2026"},"content":{"rendered":"<p class=\"canvas-atom canvas-text Mb(1.0em) Mb(0)--sm Mt(0.8em)--sm\">Copenhague, 9 abr (EFE).- El Gobierno de Suecia confirm\u00f3 este martes su apoyo a la candidatura de Estocolmo para los Juegos Ol\u00edmpicos de Invierno de 2026, que compite con Milan-Cortina d&#8217;Ampezzo (Italia) para organizar esta cita deportiva.<\/p>\n<p class=\"canvas-atom canvas-text Mb(1.0em) Mb(0)--sm Mt(0.8em)--sm\">El Comit\u00e9 Ol\u00edmpico Sueco (SOK) debe enviar este viernes la solicitud definitiva, para la que necesitaba contar con el aval del Ejecutivo, que hoy confirm\u00f3 la ministra de Cultura y Deporte, Amanda Lind.<\/p>\n<p class=\"canvas-atom canvas-text Mb(1.0em) Mb(0)--sm Mt(0.8em)--sm\">&#8220;Ser\u00eda fant\u00e1stico para Suecia acoger unos Juegos. Garantizamos que nos ocuparemos de la seguridad y hay un compromiso del Estado sueco con todas las pruebas que se celebrar\u00edan, pero no daremos ninguna garant\u00eda econ\u00f3mica&#8221;, explic\u00f3 al canal TV4 Lind.<\/p>\n<p class=\"canvas-atom canvas-text Mb(1.0em) Mb(0)--sm Mt(0.8em)--sm\">El director operativo del SOK, Peter Reinebo, agradeci\u00f3 en el mismo canal la decisi\u00f3n del Gobierno y asegur\u00f3 que la carrera entre las dos candidaturas por llevarse los Juegos est\u00e1 &#8220;igualada&#8221;.<\/p>\n<p class=\"canvas-atom canvas-text Mb(1.0em) Mb(0)--sm Mt(0.8em)--sm\">La candidatura sueca incluye Estocolmo como sede principal, adem\u00e1s de las ciudades suecas de \u00c5re y Falun y la localidad letona de Sigulda, esta \u00faltima para las pruebas de skeleton, luge (trineo ligero) y bobsleigh.<\/p>\n<p class=\"canvas-atom canvas-text Mb(1.0em) Mb(0)--sm Mt(0.8em)--sm\">El Comit\u00e9 Ol\u00edmpico Internacional (COI) elegir\u00e1 la sede de los Juegos de 2026 el pr\u00f3ximo 24 de junio en Lausana (Suiza).<\/p>\n","protected":false},"excerpt":{"rendered":"<p>El Comit\u00e9 Ol\u00edmpico Sueco (SOK) debe enviar este viernes la solicitud definitiva, para la que necesitaba contar con el aval del Ejecutivo, que hoy confirm\u00f3 la ministra de Cultura y Deporte, Amanda Lind.<\/p>\n","protected":false},"author":16,"featured_media":51437,"comment_status":"closed","ping_status":"closed","sticky":false,"template":"","format":"standard","meta":[],"categories":[2,60],"tags":[],"acf":[],"_links":{"self":[{"href":"https:\/\/colimdo.org\/wp-api\/wp\/v2\/posts\/51436"}],"collection":[{"href":"https:\/\/colimdo.org\/wp-api\/wp\/v2\/posts"}],"about":[{"href":"https:\/\/colimdo.org\/wp-api\/wp\/v2\/types\/post"}],"author":[{"embeddable":true,"href":"https:\/\/colimdo.org\/wp-api\/wp\/v2\/users\/16"}],"replies":[{"embeddable":true,"href":"https:\/\/colimdo.org\/wp-api\/wp\/v2\/comments?post=51436"}],"version-history":[{"count":1,"href":"https:\/\/colimdo.org\/wp-api\/wp\/v2\/posts\/51436\/revisions"}],"predecessor-version":[{"id":51438,"href":"https:\/\/colimdo.org\/wp-api\/wp\/v2\/posts\/51436\/revisions\/51438"}],"wp:featuredmedia":[{"embeddable":true,"href":"https:\/\/colimdo.org\/wp-api\/wp\/v2\/media\/51437"}],"wp:attachment":[{"href":"https:\/\/colimdo.org\/wp-api\/wp\/v2\/media?parent=51436"}],"wp:term":[{"taxonomy":"category","embeddable":true,"href":"https:\/\/colimdo.org\/wp-api\/wp\/v2\/categories?post=51436"},{"taxonomy":"post_tag","embeddable":true,"href":"https:\/\/colimdo.org\/wp-api\/wp\/v2\/tags?post=51436"}],"curies":[{"name":"wp","href":"https:\/\/api.w.org\/{rel}","templated":true}]}}