{"id":51439,"date":"2019-04-09T15:03:17","date_gmt":"2019-04-09T15:03:17","guid":{"rendered":"https:\/\/colimdo.org\/?p=51439"},"modified":"2019-04-09T15:03:17","modified_gmt":"2019-04-09T15:03:17","slug":"fallecio-ex-miembro-la-seleccion-nacional-molinete-salvador-marrero","status":"publish","type":"post","link":"https:\/\/colimdo.org\/noticias\/fallecio-ex-miembro-la-seleccion-nacional-molinete-salvador-marrero\/","title":{"rendered":"Falleci\u00f3 el ex miembro de la selecci\u00f3n nacional molinete Salvador Marrero"},"content":{"rendered":"<p class=\"x_MsoNormal\">SANTO DOMINGO. Falleci\u00f3 la noche del lunes 8 de abril, quien en vida se llam\u00f3 Salvador Marrero, ex lanzador de la selecci\u00f3n nacional molinete.<\/p>\n<p class=\"x_MsoNormal\">Su cad\u00e1ver ser\u00e1 expuesto a las 4:00 de la tarde en la Funeraria Blandino de la Abraham Lincoln. Padec\u00eda de c\u00e1ncer al momento de su fallecimiento que se produjo en su hogar la lado de sus familiares.<\/p>\n<p class=\"x_MsoNormal\">Fue pilar adem\u00e1s en los equipos El Manicero y Astroboys de Toshiba. Fue protagonistas de lauros para el pa\u00eds, adem\u00e1s de ser uno de los principales competidores en los desaf\u00edo entre ambos equipos, que en su momento motivaron a la fanaticada del softbol capitalino.<\/p>\n<p class=\"x_MsoNormal\">Adem\u00e1s fue \u201ccolumna vertebral\u201d en el equipo de la Polic\u00eda Nacional, convirti\u00e9ndose luego en uno de los principales instructores de la disciplina, para los miembros del orden y para \u201cnoveles\u201d, prospecto que fueron luego estelares en la selecci\u00f3n nacional.<\/p>\n<p class=\"x_MsoNormal\">Fue el formador de Manuel Vargas Torres, quien por mucho tiempo ocup\u00f3 el papel de \u201cestelar\u201d en la selecci\u00f3n nacional, adem\u00e1s de Jos\u00e9 Minaya, Silvio Rodr\u00edguez y Virgilio Polanco, todos de sobresaliente actuaci\u00f3n en los torneos molinete del Circulo Deportivo de las Fuerzas Armadas y la Polic\u00eda Nacional.<\/p>\n<p class=\"x_MsoNormal\">Su cad\u00e1ver ser\u00e1 expuesto a las 4:00 de la tarde en la Funeraria Blandino de la Abraham Lincoln. Padec\u00eda de c\u00e1ncer al momento de su fallecimiento.<\/p>\n<p class=\"x_MsoNormal\">\u201cSu muerte enluta el softbol dominicano\u201d, afirmaron por separado Garibaldy Bautista, presidente de la Federaci\u00f3n Dominicana de Softbol y Franklin Sor\u00ed, de la Asociaci\u00f3n del Distrito Nacional.<\/p>\n<p class=\"x_MsoNormal\">Destacaron su entrega como atleta y su vocaci\u00f3n por ense\u00f1ar sus t\u00e9cnicas a muchos j\u00f3venes del softbol, lo mismo que su comportamiento caballeroso fuera de las \u00e1reas de competencias.<\/p>\n<p class=\"x_MsoNormal\">\u201cFue un gran competidor, un hombre del softbol, que el softbol recordar\u00e1 siempre\u201d, al tiempo que pidi\u00f3 a todo los softbolistas del pa\u00eds, llevar un cinta negra en los primeros 9 d\u00edas, en se\u00f1alar de luto, \u201cpor la muerte de un grande de nuestra disciplina\u201d.<\/p>\n<p class=\"x_MsoNormal\">Bautista tambi\u00e9n pidi\u00f3 a sus ex compa\u00f1eros de la selecci\u00f3n nacional, hacer guardia de honor durante su velatorio.<\/p>\n","protected":false},"excerpt":{"rendered":"<p>Su cad\u00e1ver ser\u00e1 expuesto a las 4:00 de la tarde en la Funeraria Blandino de la Abraham Lincoln. Padec\u00eda de c\u00e1ncer al momento de su fallecimiento que se produjo en su hogar la lado de sus familiares.<\/p>\n","protected":false},"author":16,"featured_media":51440,"comment_status":"closed","ping_status":"closed","sticky":false,"template":"","format":"standard","meta":[],"categories":[2,60],"tags":[],"acf":[],"_links":{"self":[{"href":"https:\/\/colimdo.org\/wp-api\/wp\/v2\/posts\/51439"}],"collection":[{"href":"https:\/\/colimdo.org\/wp-api\/wp\/v2\/posts"}],"about":[{"href":"https:\/\/colimdo.org\/wp-api\/wp\/v2\/types\/post"}],"author":[{"embeddable":true,"href":"https:\/\/colimdo.org\/wp-api\/wp\/v2\/users\/16"}],"replies":[{"embeddable":true,"href":"https:\/\/colimdo.org\/wp-api\/wp\/v2\/comments?post=51439"}],"version-history":[{"count":1,"href":"https:\/\/colimdo.org\/wp-api\/wp\/v2\/posts\/51439\/revisions"}],"predecessor-version":[{"id":51441,"href":"https:\/\/colimdo.org\/wp-api\/wp\/v2\/posts\/51439\/revisions\/51441"}],"wp:featuredmedia":[{"embeddable":true,"href":"https:\/\/colimdo.org\/wp-api\/wp\/v2\/media\/51440"}],"wp:attachment":[{"href":"https:\/\/colimdo.org\/wp-api\/wp\/v2\/media?parent=51439"}],"wp:term":[{"taxonomy":"category","embeddable":true,"href":"https:\/\/colimdo.org\/wp-api\/wp\/v2\/categories?post=51439"},{"taxonomy":"post_tag","embeddable":true,"href":"https:\/\/colimdo.org\/wp-api\/wp\/v2\/tags?post=51439"}],"curies":[{"name":"wp","href":"https:\/\/api.w.org\/{rel}","templated":true}]}}