{"id":51447,"date":"2019-04-09T16:06:23","date_gmt":"2019-04-09T16:06:23","guid":{"rendered":"https:\/\/colimdo.org\/?p=51447"},"modified":"2019-04-09T16:06:23","modified_gmt":"2019-04-09T16:06:23","slug":"manny-acta-nuevo-vp-operaciones-accionista-las-estrellas-orientales","status":"publish","type":"post","link":"https:\/\/colimdo.org\/noticias\/manny-acta-nuevo-vp-operaciones-accionista-las-estrellas-orientales\/","title":{"rendered":"Manny Acta nuevo VP de Operaciones y accionista de las Estrellas Orientales"},"content":{"rendered":"<p>SAN PEDRO DE MACOR\u00cdS.- Las Estrellas Orientales nombraron a Manny Acta como su nuevo vicepresidente de operaciones y accionista del equipo, como parte del nuevo proceso de reestructuraci\u00f3n de su directiva.<\/p>\n<p>Acta agradeci\u00f3 al nuevo presidente del equipo, Miguel Feris Chalas, y a la nueva gerencia por su escogencia como vicepresidente de los actuales campeones del b\u00e9isbol invernal.<\/p>\n<p>La designaci\u00f3n como accionista del las Estrellas abarca parte del paquete de compensaci\u00f3n que recibir\u00e1 Manny Acta.<\/p>\n<p>En tanto, Miguel Feris Chalas elegido como nuevo presidente del equipo reemplazar\u00e1 al Lic. Jos\u00e9 Manuel Mall\u00e9n Santos.<\/p>\n<p>Mientras que el Lic. Jos\u00e9 Mall\u00e9n Calac fue electo 1er. Vicepresidente y el Lic. Pavel Aguil\u00f3, vicepresidente ejecutivo.<\/p>\n<p>La escogencia de la nueva directiva fue llevada a cabo en la asamblea ordinaria de accionistas, la cual fue celebrada a las 6:00 de la tarde de ayer lunes.<\/p>\n<p><strong>Otras designaciones en la directiva:<\/strong><\/p>\n<p>El locutor y productor de televisi\u00f3n Luis Manuel Aguil\u00f3 fue electo como vicepresidente de mercadeo y comunicaciones del equipo. Tambi\u00e9n fueron electos Ernesto Armenteros Calac (tesorero); Jes\u00fas Feris Ferrus (secretario).<\/p>\n<p>Adem\u00e1s fueron electos vocales: Kalil Hach\u00e9, Luis Vel\u00e1squez, C\u00e9sar Mella, Jos\u00e9 Hazim Torres, Diones Pimentel Aguil\u00f3, Ram\u00f3n Zaglul, Alejandro Gonz\u00e1lez, al igual que Roberto Camino, Alexia Feris Ferrus, Laurecen Hazoury Toca, Luis Guerrero Feris, Roberto Herrera, Luis Mej\u00eda Brache.<\/p>\n","protected":false},"excerpt":{"rendered":"<p>Acta agradeci\u00f3 al nuevo presidente del equipo, Miguel Feris Chalas, y a la nueva gerencia por su escogencia como vicepresidente de los actuales campeones del b\u00e9isbol invernal.<\/p>\n","protected":false},"author":16,"featured_media":51448,"comment_status":"closed","ping_status":"closed","sticky":false,"template":"","format":"standard","meta":[],"categories":[2,60],"tags":[],"acf":[],"_links":{"self":[{"href":"https:\/\/colimdo.org\/wp-api\/wp\/v2\/posts\/51447"}],"collection":[{"href":"https:\/\/colimdo.org\/wp-api\/wp\/v2\/posts"}],"about":[{"href":"https:\/\/colimdo.org\/wp-api\/wp\/v2\/types\/post"}],"author":[{"embeddable":true,"href":"https:\/\/colimdo.org\/wp-api\/wp\/v2\/users\/16"}],"replies":[{"embeddable":true,"href":"https:\/\/colimdo.org\/wp-api\/wp\/v2\/comments?post=51447"}],"version-history":[{"count":1,"href":"https:\/\/colimdo.org\/wp-api\/wp\/v2\/posts\/51447\/revisions"}],"predecessor-version":[{"id":51449,"href":"https:\/\/colimdo.org\/wp-api\/wp\/v2\/posts\/51447\/revisions\/51449"}],"wp:featuredmedia":[{"embeddable":true,"href":"https:\/\/colimdo.org\/wp-api\/wp\/v2\/media\/51448"}],"wp:attachment":[{"href":"https:\/\/colimdo.org\/wp-api\/wp\/v2\/media?parent=51447"}],"wp:term":[{"taxonomy":"category","embeddable":true,"href":"https:\/\/colimdo.org\/wp-api\/wp\/v2\/categories?post=51447"},{"taxonomy":"post_tag","embeddable":true,"href":"https:\/\/colimdo.org\/wp-api\/wp\/v2\/tags?post=51447"}],"curies":[{"name":"wp","href":"https:\/\/api.w.org\/{rel}","templated":true}]}}