{"id":51455,"date":"2019-04-09T19:28:15","date_gmt":"2019-04-09T19:28:15","guid":{"rendered":"https:\/\/colimdo.org\/?p=51455"},"modified":"2019-04-09T20:14:13","modified_gmt":"2019-04-09T20:14:13","slug":"fedoteme-montara-campeonato-infantil-juvenil-del-caribe-tenis-mesa","status":"publish","type":"post","link":"https:\/\/colimdo.org\/noticias\/fedoteme-montara-campeonato-infantil-juvenil-del-caribe-tenis-mesa\/","title":{"rendered":"Fedoteme montar\u00e1 el campeonato infantil y juvenil del Caribe tenis de mesa"},"content":{"rendered":"<p><b><span lang=\"ES-DO\">SANTO DOMINGO<\/span><\/b><span lang=\"ES-DO\">. La Federaci\u00f3n Dominicana de Tenis de Mesa (Fedoteme) anunci\u00f3 la celebraci\u00f3n del Campeonato del Caribe Infantil y Juvenil de esa disciplina en el Pabell\u00f3n del Parque del Este.<\/span><\/p>\n<p><span lang=\"ES-DO\">La informaci\u00f3n la dio a conocer el licenciado Juan Vila Reynoso, presidente de la Fedoteme, quien se\u00f1al\u00f3 que el certamen se llevar\u00e1 a cabo del 12 al 17 de este mes y que tendr\u00e1 una dedicatoria especial al licenciado Antonio Acosta en reconocimiento a su trayectoria como dirigente deportivo.<\/span><\/p>\n<p><span lang=\"ES-DO\">El presidente de la Fedoteme manifest\u00f3 que el campeonato arranca este viernes, desde las 9:30 de la ma\u00f1ana, con las competencias preliminares por equipos.<\/span><\/p>\n<p><span lang=\"ES-DO\">El dirigente federado dijo adem\u00e1s que la ceremonia de inauguraci\u00f3n est\u00e1 pautada para el s\u00e1bado, a las 4:00 de la tarde.<\/span><\/p>\n<p><span lang=\"ES-DO\">El Campeonato del Caribe Infantil y Juvenil de Tenis de Mesa otorgar\u00e1 plazas para el Panamericano de la categor\u00eda que tendr\u00e1 lugar en Canc\u00fan, M\u00e9xico, en el mes de junio pr\u00f3ximo.<\/span><\/p>\n<p><span lang=\"ES-DO\">Concluidas las reyertas por equipos, se dar\u00e1 paso a los partidos de dobles y en individual.<\/span><\/p>\n<p><span lang=\"ES-DO\">En el torneo, que cuenta con el apoyo de\u00a0<\/span><span lang=\"ES-DO\">Creso, Claro, Ministerio de Deportes, COD, Agropecuaria\u00a0Pets, Caribe Media y Yogur Hacienda, participar\u00e1n algo m\u00e1s de 275 atletas.<\/span><\/p>\n<p><span lang=\"ES-DO\">Entre los pa\u00edses que tendr\u00e1n alg\u00fan tipo de representaci\u00f3n figuran: Puerto Rico, Santa Luc\u00eda, Jamaica, Barbados, Hait\u00ed, Trinidad &amp; Tobago, Guyana y Rep\u00fablica Dominicana.<\/span><\/p>\n","protected":false},"excerpt":{"rendered":"<p>El certamen se llevar\u00e1 a cabo del 12 al 17 de este mes y que tendr\u00e1 una dedicatoria especial al licenciado Antonio Acosta en reconocimiento a su trayectoria como dirigente deportivo.<\/p>\n","protected":false},"author":16,"featured_media":51458,"comment_status":"closed","ping_status":"closed","sticky":false,"template":"","format":"standard","meta":[],"categories":[2,60],"tags":[],"acf":[],"_links":{"self":[{"href":"https:\/\/colimdo.org\/wp-api\/wp\/v2\/posts\/51455"}],"collection":[{"href":"https:\/\/colimdo.org\/wp-api\/wp\/v2\/posts"}],"about":[{"href":"https:\/\/colimdo.org\/wp-api\/wp\/v2\/types\/post"}],"author":[{"embeddable":true,"href":"https:\/\/colimdo.org\/wp-api\/wp\/v2\/users\/16"}],"replies":[{"embeddable":true,"href":"https:\/\/colimdo.org\/wp-api\/wp\/v2\/comments?post=51455"}],"version-history":[{"count":1,"href":"https:\/\/colimdo.org\/wp-api\/wp\/v2\/posts\/51455\/revisions"}],"predecessor-version":[{"id":51457,"href":"https:\/\/colimdo.org\/wp-api\/wp\/v2\/posts\/51455\/revisions\/51457"}],"wp:featuredmedia":[{"embeddable":true,"href":"https:\/\/colimdo.org\/wp-api\/wp\/v2\/media\/51458"}],"wp:attachment":[{"href":"https:\/\/colimdo.org\/wp-api\/wp\/v2\/media?parent=51455"}],"wp:term":[{"taxonomy":"category","embeddable":true,"href":"https:\/\/colimdo.org\/wp-api\/wp\/v2\/categories?post=51455"},{"taxonomy":"post_tag","embeddable":true,"href":"https:\/\/colimdo.org\/wp-api\/wp\/v2\/tags?post=51455"}],"curies":[{"name":"wp","href":"https:\/\/api.w.org\/{rel}","templated":true}]}}