{"id":51464,"date":"2019-04-10T01:04:00","date_gmt":"2019-04-10T01:04:00","guid":{"rendered":"https:\/\/colimdo.org\/?p=51464"},"modified":"2019-04-10T01:04:00","modified_gmt":"2019-04-10T01:04:00","slug":"argentina-colombia-seran-las-sedes-la-copa-america-2019","status":"publish","type":"post","link":"https:\/\/colimdo.org\/noticias\/argentina-colombia-seran-las-sedes-la-copa-america-2019\/","title":{"rendered":"Argentina y Colombia ser\u00e1n las sedes de la Copa Am\u00e9rica 2019"},"content":{"rendered":"<p>R\u00cdO DE JANEIRO (AP) \u2014 Argentina y Colombia, pa\u00edses cuyas capitales est\u00e1n separadas por una distancia de seis horas v\u00eda \u00e1rea, organizar\u00e1n conjuntamente la Copa Am\u00e9rica de 2020.<\/p>\n<p>La decisi\u00f3n fue anunciada el martes en una reuni\u00f3n del Consejo de la Conmebol en R\u00edo de Janeiro, donde se jugar\u00e1 la final de la m\u00e1s pr\u00f3xima edici\u00f3n, el 7 de julio.<\/p>\n<p>La Conmebol decidi\u00f3 disputar una edici\u00f3n de su campeonato de selecciones en 2020, con el fin de unificar el calendario con el de la Eurocopa e iniciar un nuevo ciclo cuatrienal.<\/p>\n<p>Seg\u00fan la entidad rectora, 10 selecciones sudamericanas y dos invitados participar\u00e1n en el torneo de 2020, el mismo n\u00famero que en la edici\u00f3n que se jugar\u00e1 este a\u00f1o en Brasil.<\/p>\n<p>Pero el torneo estrenar\u00e1 formato.<\/p>\n<p>Los pa\u00edses anfitriones se dividir\u00e1n por regi\u00f3n en dos hexagonales \u2014 Zona Norte y Zona Sur \u2014 para la primera fase y los cuatro primeros de cada uno avanzar\u00e1n a los cuartos de final.<\/p>\n<p>La Conmebol decidi\u00f3 agrupar a los equipos por su cercan\u00eda geogr\u00e1fica.<\/p>\n<p>Colombia, Brasil, Ecuador, Per\u00fa y Venezuela, m\u00e1s una de las selecciones invitadas, formar\u00e1n la Zona Norte.<\/p>\n<p>Argentina, Bolivia, Chile, Paraguay, Uruguay y un invitado integrar\u00e1n la Zona Sur.<\/p>\n<p>\u201cEl objetivo central de este cambio es brindar m\u00e1s facilidades a los aficionados y acercar geogr\u00e1ficamente los partidos de las selecciones al p\u00fablico sudamericano\u201d, dijo el presidente de la Conmebol Alejandro Dom\u00ednguez.<\/p>\n<p>Jap\u00f3n y Qatar, anfitri\u00f3n del Mundial de 2022, ser\u00e1n los invitados en el torneo del presente a\u00f1o, en el que los 12 participantes se repartir\u00e1n en tres grupos de cuatro equipos durante la primera ronda para luego seguir con los cuartos de final.<\/p>\n<p>Argentina fue sede de la Copa Am\u00e9rica por \u00faltima vez en 2011. Con Argentina ausente, Colombia fue anfitriona del torneo por primera ocasi\u00f3n, en 2001, ganando el \u00fanico t\u00edtulo de su historia. M\u00e1s recientemente, en 2011, mont\u00f3 el Mundial Sub20.<\/p>\n<p>Bajo el nuevo formato, se disputar\u00e1n 38 partidos, 12 m\u00e1s que en 2019. Cada equipo tendr\u00e1 asegurado disputar al menos cinco encuentros en la primera ronda.<\/p>\n<p>\u201cEl aficionado podr\u00e1 disfrutar de al menos cinco partidos de su selecci\u00f3n, lo que refuerza el espect\u00e1culo y la fiesta deportiva\u201d, destac\u00f3 Dom\u00ednguez.<\/p>\n<p>No se anunci\u00f3 de inmediato c\u00f3mo se repartir\u00e1n las sedes de la fase de eliminaci\u00f3n directa.<\/p>\n","protected":false},"excerpt":{"rendered":"<p>R\u00cdO DE JANEIRO (AP) \u2014 Argentina y Colombia, pa\u00edses cuyas capitales est\u00e1n separadas por una distancia de seis horas v\u00eda \u00e1rea, organizar\u00e1n conjuntamente la Copa Am\u00e9rica de 2020. La decisi\u00f3n fue anunciada el martes en una reuni\u00f3n del Consejo de la Conmebol en R\u00edo de Janeiro, donde se jugar\u00e1 la final de la m\u00e1s pr\u00f3xima [&hellip;]<\/p>\n","protected":false},"author":9,"featured_media":51465,"comment_status":"closed","ping_status":"closed","sticky":false,"template":"","format":"standard","meta":[],"categories":[2,60],"tags":[],"acf":[],"_links":{"self":[{"href":"https:\/\/colimdo.org\/wp-api\/wp\/v2\/posts\/51464"}],"collection":[{"href":"https:\/\/colimdo.org\/wp-api\/wp\/v2\/posts"}],"about":[{"href":"https:\/\/colimdo.org\/wp-api\/wp\/v2\/types\/post"}],"author":[{"embeddable":true,"href":"https:\/\/colimdo.org\/wp-api\/wp\/v2\/users\/9"}],"replies":[{"embeddable":true,"href":"https:\/\/colimdo.org\/wp-api\/wp\/v2\/comments?post=51464"}],"version-history":[{"count":1,"href":"https:\/\/colimdo.org\/wp-api\/wp\/v2\/posts\/51464\/revisions"}],"predecessor-version":[{"id":51466,"href":"https:\/\/colimdo.org\/wp-api\/wp\/v2\/posts\/51464\/revisions\/51466"}],"wp:featuredmedia":[{"embeddable":true,"href":"https:\/\/colimdo.org\/wp-api\/wp\/v2\/media\/51465"}],"wp:attachment":[{"href":"https:\/\/colimdo.org\/wp-api\/wp\/v2\/media?parent=51464"}],"wp:term":[{"taxonomy":"category","embeddable":true,"href":"https:\/\/colimdo.org\/wp-api\/wp\/v2\/categories?post=51464"},{"taxonomy":"post_tag","embeddable":true,"href":"https:\/\/colimdo.org\/wp-api\/wp\/v2\/tags?post=51464"}],"curies":[{"name":"wp","href":"https:\/\/api.w.org\/{rel}","templated":true}]}}