{"id":51470,"date":"2019-04-10T01:10:34","date_gmt":"2019-04-10T01:10:34","guid":{"rendered":"https:\/\/colimdo.org\/?p=51470"},"modified":"2019-04-10T01:10:34","modified_gmt":"2019-04-10T01:10:34","slug":"republica-dominicana-recibira-agm-cotecc","status":"publish","type":"post","link":"https:\/\/colimdo.org\/noticias\/republica-dominicana-recibira-agm-cotecc\/","title":{"rendered":"Rep\u00fablica Dominicana recibir\u00e1 AGM Cotecc"},"content":{"rendered":"<p>El Club de Aduanas en Santo Domingo ser\u00e1 la sede de la Asamblea General Anual de Cotecc el 28 de julio para discutir temas pendientes en nuestra regi\u00f3n y pasar balance al pasado a\u00f1o.<\/p>\n<p>Adem\u00e1s de los presidentes y miembros de federaciones y asociaciones de la regi\u00f3n, al encuentro asistir\u00e1n el presidente de la ITF, David Haggerty, y el Director de Desarrollo de la ITF, Luca Santilli, quienes tendr\u00e1n sesiones de trabajo con los pa\u00edses de habla inglesa e hispana de manera independiente.<\/p>\n<p>El s\u00e1bado 27 el Comit\u00e9 Directivo tendr\u00e1 su reuni\u00f3n desde las 9:00 de la ma\u00f1ana.<\/p>\n","protected":false},"excerpt":{"rendered":"<p>El Club de Aduanas en Santo Domingo ser\u00e1 la sede de la Asamblea General Anual de Cotecc el 28 de julio para discutir temas pendientes en nuestra regi\u00f3n y pasar balance al pasado a\u00f1o. Adem\u00e1s de los presidentes y miembros de federaciones y asociaciones de la regi\u00f3n, al encuentro asistir\u00e1n el presidente de la ITF, [&hellip;]<\/p>\n","protected":false},"author":9,"featured_media":51471,"comment_status":"closed","ping_status":"closed","sticky":false,"template":"","format":"standard","meta":[],"categories":[2,60],"tags":[],"acf":[],"_links":{"self":[{"href":"https:\/\/colimdo.org\/wp-api\/wp\/v2\/posts\/51470"}],"collection":[{"href":"https:\/\/colimdo.org\/wp-api\/wp\/v2\/posts"}],"about":[{"href":"https:\/\/colimdo.org\/wp-api\/wp\/v2\/types\/post"}],"author":[{"embeddable":true,"href":"https:\/\/colimdo.org\/wp-api\/wp\/v2\/users\/9"}],"replies":[{"embeddable":true,"href":"https:\/\/colimdo.org\/wp-api\/wp\/v2\/comments?post=51470"}],"version-history":[{"count":1,"href":"https:\/\/colimdo.org\/wp-api\/wp\/v2\/posts\/51470\/revisions"}],"predecessor-version":[{"id":51472,"href":"https:\/\/colimdo.org\/wp-api\/wp\/v2\/posts\/51470\/revisions\/51472"}],"wp:featuredmedia":[{"embeddable":true,"href":"https:\/\/colimdo.org\/wp-api\/wp\/v2\/media\/51471"}],"wp:attachment":[{"href":"https:\/\/colimdo.org\/wp-api\/wp\/v2\/media?parent=51470"}],"wp:term":[{"taxonomy":"category","embeddable":true,"href":"https:\/\/colimdo.org\/wp-api\/wp\/v2\/categories?post=51470"},{"taxonomy":"post_tag","embeddable":true,"href":"https:\/\/colimdo.org\/wp-api\/wp\/v2\/tags?post=51470"}],"curies":[{"name":"wp","href":"https:\/\/api.w.org\/{rel}","templated":true}]}}