{"id":51494,"date":"2019-04-10T15:43:07","date_gmt":"2019-04-10T15:43:07","guid":{"rendered":"https:\/\/colimdo.org\/?p=51494"},"modified":"2019-04-10T15:43:07","modified_gmt":"2019-04-10T15:43:07","slug":"mundial-fifa-2022-48-equipos-se-definira-junio","status":"publish","type":"post","link":"https:\/\/colimdo.org\/noticias\/mundial-fifa-2022-48-equipos-se-definira-junio\/","title":{"rendered":"Mundial FIFA 2022 con 48 equipos se definir\u00e1 en junio"},"content":{"rendered":"<p class=\"canvas-atom canvas-text Mb(1.0em) Mb(0)--sm Mt(0.8em)--sm\">(Reuters) &#8211; La ampliaci\u00f3n del n\u00famero de selecciones participantes en el Mundial Qatar 2022 de 32 a 48 equipos se definir\u00e1 en junio y &#8220;est\u00e1 50\/50&#8221;, dijo el mi\u00e9rcoles en R\u00edo de Janeiro el presidente de la FIFA, Gianni Infantino.<\/p>\n<p class=\"canvas-atom canvas-text Mb(1.0em) Mb(0)--sm Mt(0.8em)--sm\">La FIFA aprob\u00f3 en 2017 la expansi\u00f3n del torneo a partir de 2026, pero desde entonces Infantino ha estado considerando la posibilidad de adelantar el cambio al 2022. La Confederaci\u00f3n Sudamericana de F\u00fatbol solicit\u00f3 formalmente a la entidad aumentar el cupo hace un a\u00f1o.<\/p>\n<p class=\"canvas-atom canvas-text Mb(1.0em) Mb(0)--sm Mt(0.8em)--sm\">&#8220;Estamos trabajando para ver si podemos ir a jugar el Mundial de 2022 con 48 equipos porque m\u00e1s participaci\u00f3n significa m\u00e1s desarrollo, m\u00e1s pasi\u00f3n para todos&#8221;, dijo Infantino en la apertura del Congreso de la Conmebol en R\u00edo.<\/p>\n<p class=\"canvas-atom canvas-text Mb(1.0em) Mb(0)--sm Mt(0.8em)--sm\">&#8220;Trabajamos, vamos a ver hasta junio de este a\u00f1o si va a ser posible o no. (Est\u00e1) 50\/50, pero lo que es al 100 por ciento es que el Mundial de 2022 va a ser espectacular y un \u00e9xito total&#8221;, agreg\u00f3.<\/p>\n<p class=\"canvas-atom canvas-text Mb(1.0em) Mb(0)--sm Mt(0.8em)--sm\">Meses atr\u00e1s, el titular de la FIFA dijo que ser\u00eda dif\u00edcil organizar un torneo ampliado solo en Qatar y que la entidad estaba considerando la posibilidad de que ciertos vecinos del pa\u00eds anfitri\u00f3n alberguen algunos partidos.<\/p>\n<p class=\"canvas-atom canvas-text Mb(1.0em) Mb(0)--sm Mt(0.8em)--sm\">El Mundial 2026 ser\u00e1 organizado conjuntamente por Estados Unidos, M\u00e9xico y Canad\u00e1. El aumento del n\u00famero de participantes para la Copa del 2022 se someter\u00eda a votaci\u00f3n en el congreso de la FIFA que se realizar\u00e1 en Par\u00eds el 5 de junio.<\/p>\n","protected":false},"excerpt":{"rendered":"<p>La FIFA aprob\u00f3 en 2017 la expansi\u00f3n del torneo a partir de 2026, pero desde entonces Infantino ha estado considerando la posibilidad de adelantar el cambio al 2022. La Confederaci\u00f3n Sudamericana de F\u00fatbol solicit\u00f3 formalmente a la entidad aumentar el cupo hace un a\u00f1o.<\/p>\n","protected":false},"author":16,"featured_media":51495,"comment_status":"closed","ping_status":"closed","sticky":false,"template":"","format":"standard","meta":[],"categories":[2,60],"tags":[],"acf":[],"_links":{"self":[{"href":"https:\/\/colimdo.org\/wp-api\/wp\/v2\/posts\/51494"}],"collection":[{"href":"https:\/\/colimdo.org\/wp-api\/wp\/v2\/posts"}],"about":[{"href":"https:\/\/colimdo.org\/wp-api\/wp\/v2\/types\/post"}],"author":[{"embeddable":true,"href":"https:\/\/colimdo.org\/wp-api\/wp\/v2\/users\/16"}],"replies":[{"embeddable":true,"href":"https:\/\/colimdo.org\/wp-api\/wp\/v2\/comments?post=51494"}],"version-history":[{"count":1,"href":"https:\/\/colimdo.org\/wp-api\/wp\/v2\/posts\/51494\/revisions"}],"predecessor-version":[{"id":51496,"href":"https:\/\/colimdo.org\/wp-api\/wp\/v2\/posts\/51494\/revisions\/51496"}],"wp:featuredmedia":[{"embeddable":true,"href":"https:\/\/colimdo.org\/wp-api\/wp\/v2\/media\/51495"}],"wp:attachment":[{"href":"https:\/\/colimdo.org\/wp-api\/wp\/v2\/media?parent=51494"}],"wp:term":[{"taxonomy":"category","embeddable":true,"href":"https:\/\/colimdo.org\/wp-api\/wp\/v2\/categories?post=51494"},{"taxonomy":"post_tag","embeddable":true,"href":"https:\/\/colimdo.org\/wp-api\/wp\/v2\/tags?post=51494"}],"curies":[{"name":"wp","href":"https:\/\/api.w.org\/{rel}","templated":true}]}}