{"id":51497,"date":"2019-04-10T15:57:25","date_gmt":"2019-04-10T15:57:25","guid":{"rendered":"https:\/\/colimdo.org\/?p=51497"},"modified":"2019-04-10T15:57:25","modified_gmt":"2019-04-10T15:57:25","slug":"quezada-seleccion-tenis-rd-equipo-nuevo-puede-gran-trabajo","status":"publish","type":"post","link":"https:\/\/colimdo.org\/noticias\/quezada-seleccion-tenis-rd-equipo-nuevo-puede-gran-trabajo\/","title":{"rendered":"Quezada sobre selecci\u00f3n de tenis RD: \u201cEs un equipo nuevo que puede hacer un gran trabajo\u201d"},"content":{"rendered":"<p dir=\"ltr\">SANTO DOMINGO.- Con tan solo 18 a\u00f1os, Laura Quezada es la jugadora m\u00e1s experimentada con que contar\u00e1 Rep\u00fablica Dominicana en la pr\u00f3xima serie de Fed Cup Am\u00e9rica II que se jugar\u00e1 en el Parque del Este del 17 al 20 de abril.<\/p>\n<p dir=\"ltr\">Fue adherida a la selecci\u00f3n nacional en 2016, fecha desde la cual se mantiene activa con el combinado tricolor, participando en siete series, en las que ha accionado en 10 partidos de sencillos y dobles.<\/p>\n<p dir=\"ltr\">Para esta edici\u00f3n de la Copa Mundial de Tenis, Quezada contar\u00e1 con las debutantes Nikki Salad\u00edn, Ana De Mata y Ana Zamburek, as\u00ed como con Kelly Williford, quien debut\u00f3 el a\u00f1o pasado en el evento y est\u00e1 llamada a ser la raqueta n\u00famero uno, dado que es la \u00fanica criolla en el ranking WTA (667 en dobles).<\/p>\n<p dir=\"ltr\">\u201cCon estas caras nuevas creamos un equipo nuevo, estamos muy unidas y creo que podemos hacer un gran trabajo en esta Fed Cup\u201d, destac\u00f3 Quezada.<\/p>\n<p dir=\"ltr\">As\u00ed como ella Salad\u00edn, De Mata y Zamburek est\u00e1n optimistas del rol que les corresponde jugar en el equipo, que tendr\u00e1 a Jhonson Garc\u00eda como su capit\u00e1n.<\/p>\n<p dir=\"ltr\">\u201cTodas somos amigas y se siente muy c\u00f3modo. Tambi\u00e9n en la cancha nos hemos sentido muy c\u00f3modas en estos d\u00edas que hemos entrenado\u201d, destac\u00f3 Zamburek, tras una pausa en los entrenamientos que realiza a diario el conjunto local.<\/p>\n<p dir=\"ltr\">Salad\u00edn, de origen ucraniano, y que debuta en el equipo tras concluir su proceso de nacionalizaci\u00f3n, considera que el evento representa \u201cuna oportunidad para las jugadoras j\u00f3venes de integrarse al equipo y foguearse en este nivel de tenis\u201d.<\/p>\n<p dir=\"ltr\">El torneo<\/p>\n<p dir=\"ltr\">La Fed Cup, que se jugar\u00e1 a la par con la serie de Lima, en la que jugar\u00e1n otros seis pa\u00edses otorga un pase a Am\u00e9rica I para 2020.<\/p>\n<p dir=\"ltr\">El torneo se jugar\u00e1 bajo el formato de round robin, por lo que cada naci\u00f3n participar\u00e1 en cuatro series. Al final de la semana, el pa\u00eds de mejor r\u00e9cord avanzar\u00e1 al nivel m\u00e1s alto del continente.<\/p>\n<p dir=\"ltr\">Cada d\u00eda se jugar\u00e1n dos series desde las 10:00 de la ma\u00f1ana al mejor de tres partidos, dos sencillos y un dobles. La entrada para el p\u00fablico es gratuita.<\/p>\n<p dir=\"ltr\">En la actualidad, Rep\u00fablica Dominicana ocupa el puesto 70 del ranking mundial por pa\u00edses, Venezuela se ubica en el lugar 52, Guatemala en el 55, Cuba se sit\u00faa en el 61 y Uruguay en el 84.<\/p>\n<p dir=\"ltr\">A nivel de naciones, la Fed Cup es el equivalente a la Copa Davis, eventos donde los pa\u00edses tratan de ascender de nivel cada a\u00f1o hasta alcanzar el Grupo Mundial y luchar por la copa de campeones.<\/p>\n","protected":false},"excerpt":{"rendered":"<p>La selecci\u00f3n femenina de Rep\u00fablica Dominicana competir\u00e1 del 17 al 20 de abril en la Fed Cup contra Cuba, Guatemala, Uruguay y Venezuela.<\/p>\n","protected":false},"author":16,"featured_media":51498,"comment_status":"closed","ping_status":"closed","sticky":false,"template":"","format":"standard","meta":[],"categories":[2,60],"tags":[],"acf":[],"_links":{"self":[{"href":"https:\/\/colimdo.org\/wp-api\/wp\/v2\/posts\/51497"}],"collection":[{"href":"https:\/\/colimdo.org\/wp-api\/wp\/v2\/posts"}],"about":[{"href":"https:\/\/colimdo.org\/wp-api\/wp\/v2\/types\/post"}],"author":[{"embeddable":true,"href":"https:\/\/colimdo.org\/wp-api\/wp\/v2\/users\/16"}],"replies":[{"embeddable":true,"href":"https:\/\/colimdo.org\/wp-api\/wp\/v2\/comments?post=51497"}],"version-history":[{"count":1,"href":"https:\/\/colimdo.org\/wp-api\/wp\/v2\/posts\/51497\/revisions"}],"predecessor-version":[{"id":51499,"href":"https:\/\/colimdo.org\/wp-api\/wp\/v2\/posts\/51497\/revisions\/51499"}],"wp:featuredmedia":[{"embeddable":true,"href":"https:\/\/colimdo.org\/wp-api\/wp\/v2\/media\/51498"}],"wp:attachment":[{"href":"https:\/\/colimdo.org\/wp-api\/wp\/v2\/media?parent=51497"}],"wp:term":[{"taxonomy":"category","embeddable":true,"href":"https:\/\/colimdo.org\/wp-api\/wp\/v2\/categories?post=51497"},{"taxonomy":"post_tag","embeddable":true,"href":"https:\/\/colimdo.org\/wp-api\/wp\/v2\/tags?post=51497"}],"curies":[{"name":"wp","href":"https:\/\/api.w.org\/{rel}","templated":true}]}}