{"id":51500,"date":"2019-04-10T18:02:28","date_gmt":"2019-04-10T18:02:28","guid":{"rendered":"https:\/\/colimdo.org\/?p=51500"},"modified":"2019-04-10T18:05:42","modified_gmt":"2019-04-10T18:05:42","slug":"federacion-atletismo-celebrara-campeonatos-nacional-infantil-relevos-nivel-superior","status":"publish","type":"post","link":"https:\/\/colimdo.org\/noticias\/federacion-atletismo-celebrara-campeonatos-nacional-infantil-relevos-nivel-superior\/","title":{"rendered":"Federaci\u00f3n de Atletismo celebrar\u00e1 campeonatos nacional infantil y de relevos a nivel superior"},"content":{"rendered":"<p class=\"x_MsoNormal\"><b>SANDO DOMINGO<\/b>.\u00a0La Federaci\u00f3n Dominicana de Asociaciones de Atletismo (FDAA) celebrar\u00e1 este fin de semana los campeonatos nacionales de relevos a nivel superior y el juvenil, respectivamente.<\/p>\n<p class=\"x_MsoNormal\">Las competencias comenzar\u00e1n a las 9:00 de la ma\u00f1ana en la pista Alberto Torres de la Mota del Estadio Ol\u00edmpico F\u00e9lix S\u00e1nchez, con la participaci\u00f3n de cientos de atletas en ambos eventos.<\/p>\n<p class=\"x_MsoNormal\">Gerardo Suero Correa, presidente de la FDAA, dijo que el campeonato de relevos se disputar\u00e1 todo el d\u00eda del s\u00e1bado y que el juvenil abarcar\u00e1 tambi\u00e9n el domingo. Dijo que ambos campeonatos cuenta con el total respaldo del Ministerio de Deportes.<\/p>\n<p class=\"x_MsoNormal\"><b>En categor\u00edas U13 y 15 a\u00f1os<\/b><\/p>\n<p class=\"x_MsoNormal\">El presidente de la Federaci\u00f3n de Atletismo explic\u00f3 que el torneo juvenil abarcar\u00e1 las divisiones U13 y U15, en ambas ramas.<\/p>\n<p class=\"x_MsoNormal\">Sostuvo que servir\u00e1 paras escoger la preselecci\u00f3n que representar\u00e1 al pa\u00eds en el Campeonato, Norte, Centroamericano y del Caribe (NCAC) de mayo venidero, que tendr\u00e1 lugar en San Salvador, El Salvador.<\/p>\n<p class=\"x_MsoNormal\">Manifest\u00f3 que cada provincia vendr\u00e1 al evento con un m\u00e1ximo de ocho atletas y que hasta el momento casi la totalidad de las 32 asociaciones provinciales de atletismo han confirmado su presencia en el evento.<\/p>\n<p class=\"x_MsoNormal\">Agreg\u00f3 que los atletas de la U13 competir\u00e1n en el pentatl\u00f3n, es decir, en 60 metros planos, salto largo, salto alto, lanzamiento de pelota y las ni\u00f1as har\u00e1n un evento de 800 metros planos, mientras que los varones correr\u00e1n los 1,000mt.<\/p>\n<p class=\"x_MsoNormal\">Mientras que en U15 los participantes har\u00e1n un heptatl\u00f3n, que consiste en correr los 80 metros planos, 80 con vallas, salto largo y salto alto, lanzamiento de la pelota, impulso, las ni\u00f1as correr\u00e1n mil metros y los varones 1,200.<\/p>\n<p class=\"x_MsoNormal\">Belkin Ma\u00f1\u00f3n, quien fungir\u00e1 como directora t\u00e9cnica del evento infantil, dijo por su lado que las delegaciones llegar\u00e1n el viernes a la capital dominicana. Ser\u00e1 asistida por Luis Gonz\u00e1lez. Este certamen infantil ser\u00e1 dirigido por Emilio Morb\u00e1n y Radham\u00e9s Brea, bajo la supervisi\u00f3n de Suero Correa.<\/p>\n<p class=\"x_MsoNormal\"><b>Hermanos Santos en los relevos<\/b><\/p>\n<p class=\"x_MsoNormal\">Los hermanos Luguel\u00edn y Juander Santos estar\u00edan compitiendo en el campeonato nacional de relevos, representando a su natal Monte Plata, de acuerdo a la informaci\u00f3n suministrada a la federaci\u00f3n por la presidenta de la asociaci\u00f3n de esa provincia, Rosa Tiburcio.<\/p>\n<p class=\"x_MsoNormal\">Los atletas de talla ol\u00edmpica y mundial llegar\u00e1n al pa\u00eds el viernes, sostuvo Suero Correa.<\/p>\n<p class=\"x_MsoNormal\">\u201cEste ser\u00e1 el primer campeonato nacional de relevos, porque anteriormente lo hac\u00edamos, pero como un festival por regiones. Ahora cada provincia tendr\u00e1 que trabajar de manera individual en el desarrollo de sus atletas de manera particular para poder tener sus equipos de relevos\u201d, dijo el dirigente federado.<\/p>\n<p class=\"x_MsoNormal\">Precis\u00f3 que 22 asociaciones provinciales han confirmado su participaci\u00f3n en el torneo de relevos, en el que accionar\u00e1n 339 atletas del nivel \u00e9lite, entre los que se encuentran los miembros de la selecci\u00f3n nacional.<\/p>\n<p class=\"x_MsoNormal\">\u201cSe competir\u00e1 en 4&#215;100, 4&#215;200, 4&#215;400 en ambas ramas, as\u00ed como en 4&#215;400 mixtos, adem\u00e1s del relevo largo mixto que consiste en un evento en el que los dos hombres correr\u00e1n una distancia de 1200 hombres y las damas dos de 800 metros planos\u201d, explic\u00f3.<\/p>\n<p class=\"x_MsoNormal\">Sobre este campeonato, Gerardo Suero sostuvo que se le dar\u00e1 seguimiento a los atletas que pudieran conformar las selecciones en 4&#215;100 y 4&#215;400 masculino para los Mundiales de Relevo de Yokohama, previstos para correrse en mayo venidero en Jap\u00f3n.<\/p>\n<p class=\"x_MsoNormal\">El director t\u00e9cnico del evento de relevos lo ser\u00e1 el presidente de la Asociaci\u00f3n de Atletismo de la Provincia Santo Domingo, Rosario Castillo, quien dijo que todo est\u00e1 listo para la celebraci\u00f3n del evento, al tiempo que garantiz\u00f3 el \u00e9xito y bien nivel competitivo del mismo.<\/p>\n","protected":false},"excerpt":{"rendered":"<p>Gerardo Suero Correa, presidente de la FDAA, dijo que el campeonato de relevos se disputar\u00e1 todo el d\u00eda del s\u00e1bado y que el juvenil abarcar\u00e1 tambi\u00e9n el domingo. Dijo que ambos campeonatos cuenta con el total respaldo del Ministerio de Deportes.<\/p>\n","protected":false},"author":16,"featured_media":51503,"comment_status":"closed","ping_status":"closed","sticky":false,"template":"","format":"standard","meta":[],"categories":[2,60],"tags":[],"acf":[],"_links":{"self":[{"href":"https:\/\/colimdo.org\/wp-api\/wp\/v2\/posts\/51500"}],"collection":[{"href":"https:\/\/colimdo.org\/wp-api\/wp\/v2\/posts"}],"about":[{"href":"https:\/\/colimdo.org\/wp-api\/wp\/v2\/types\/post"}],"author":[{"embeddable":true,"href":"https:\/\/colimdo.org\/wp-api\/wp\/v2\/users\/16"}],"replies":[{"embeddable":true,"href":"https:\/\/colimdo.org\/wp-api\/wp\/v2\/comments?post=51500"}],"version-history":[{"count":1,"href":"https:\/\/colimdo.org\/wp-api\/wp\/v2\/posts\/51500\/revisions"}],"predecessor-version":[{"id":51502,"href":"https:\/\/colimdo.org\/wp-api\/wp\/v2\/posts\/51500\/revisions\/51502"}],"wp:featuredmedia":[{"embeddable":true,"href":"https:\/\/colimdo.org\/wp-api\/wp\/v2\/media\/51503"}],"wp:attachment":[{"href":"https:\/\/colimdo.org\/wp-api\/wp\/v2\/media?parent=51500"}],"wp:term":[{"taxonomy":"category","embeddable":true,"href":"https:\/\/colimdo.org\/wp-api\/wp\/v2\/categories?post=51500"},{"taxonomy":"post_tag","embeddable":true,"href":"https:\/\/colimdo.org\/wp-api\/wp\/v2\/tags?post=51500"}],"curies":[{"name":"wp","href":"https:\/\/api.w.org\/{rel}","templated":true}]}}