{"id":51507,"date":"2019-04-10T18:15:12","date_gmt":"2019-04-10T18:15:12","guid":{"rendered":"https:\/\/colimdo.org\/?p=51507"},"modified":"2019-04-10T18:15:12","modified_gmt":"2019-04-10T18:15:12","slug":"lucha-va-campeonato-busca-sumar-plazas-panam-lima","status":"publish","type":"post","link":"https:\/\/colimdo.org\/noticias\/lucha-va-campeonato-busca-sumar-plazas-panam-lima\/","title":{"rendered":"Lucha va a campeonato en busca de sumar plazas para Panam Lima"},"content":{"rendered":"<p class=\"x_ydp74bf5351MsoNoSpacing\"><b><span lang=\"ES-TRAD\">SANTO DOMINGO<\/span><\/b><span lang=\"ES-TRAD\">.- El deporte de lucha ol\u00edmpica de Rep\u00fablica Dominicana enviar\u00e1 a 12 atletas al Campeonato Panamericano de esa disciplina que tendr\u00e1 lugar del 16 al 22 de abril, en Buenos Aires, Argentina.<\/span><\/p>\n<p class=\"x_ydp74bf5351MsoNoSpacing\"><span lang=\"ES-TRAD\">La delegaci\u00f3n saldr\u00e1 el pr\u00f3ximo 16 de abril por el aeropuerto Las Am\u00e9ricas.<\/span><\/p>\n<p class=\"x_ydp74bf5351MsoNoSpacing\"><span lang=\"ES-TRAD\">Del grupo hay cinco del estilo greco romana. Estos son Maikol Josefa, de la categor\u00eda 60 kilogramos; Harord Yedy Read,\u00a0 de la divisi\u00f3n de los 67 kilos; Johan Antonio Batista, que competir\u00e1 en los 77 kilogramos; Carlos Adames, de los 87 y Jos\u00e9 Antonio Arias, de los 97 kilogramos.<\/span><\/p>\n<p class=\"x_ydp74bf5351MsoNoSpacing\"><span lang=\"ES-TRAD\">Otros cinco van al evento para presentarse en combates del estilo libre. Entre estos figuran Alexander Fern\u00e1ndez, de la categor\u00eda 57 kilogramos; Daniel Brioso, de los 65 kilos; Julio Rodr\u00edguez Romero, de los 74 kilos; Yorfi Jim\u00e9nez Santana, en los 86 kilogramos y Luis Miguel P\u00e9rez, en la categor\u00eda de los 97 kilogramos.<\/span><\/p>\n<p class=\"x_ydp74bf5351MsoNoSpacing\"><span lang=\"ES-TRAD\">En la rama femenina asistir\u00e1n Anny G. Ram\u00edrez, P\u00e9rez, de los 50 kilogramos y Jessica Oviedo P\u00e9rez, en los 57.<\/span><\/p>\n<p class=\"x_ydp74bf5351MsoNoSpacing\"><span lang=\"ES-TRAD\">La delegaci\u00f3n est\u00e1 encabezada por Franklin Torres, quien ser\u00e1 el delegado, adem\u00e1s de Alexis Camue Moya y Elio Garraway Clark, entrenadores.<\/span><\/p>\n<p class=\"x_ydp74bf5351MsoNoSpacing\"><span lang=\"ES-TRAD\">Al evento tambi\u00e9n asistir\u00e1 la \u00e1rbitro Rosaura Batista N\u00fa\u00f1ez.<\/span><\/p>\n<p class=\"x_ydp74bf5351MsoNoSpacing\"><span lang=\"ES-TRAD\">La Rep\u00fablica Dominicana estar\u00e1 buscando ganar plazas para los Juegos Panamericanos de Lima, Per\u00fa.<\/span><\/p>\n<p class=\"x_ydp74bf5351MsoNoSpacing\"><span lang=\"ES-TRAD\">El deporte de lucha tiene garantizados siete puestos, inform\u00f3 su presidente, licenciado Antonio Acosta.<\/span><\/p>\n","protected":false},"excerpt":{"rendered":"<p>Del grupo hay cinco del estilo greco romana. Estos son Maikol Josefa, de la categor\u00eda 60 kilogramos; Harord Yedy Read,\u00a0 de la divisi\u00f3n de los 67 kilos; Johan Antonio Batista, que competir\u00e1 en los 77 kilogramos; Carlos Adames, de los 87 y Jos\u00e9 Antonio Arias, de los 97 kilogramos.<\/p>\n","protected":false},"author":16,"featured_media":51508,"comment_status":"closed","ping_status":"closed","sticky":false,"template":"","format":"standard","meta":[],"categories":[2,60],"tags":[],"acf":[],"_links":{"self":[{"href":"https:\/\/colimdo.org\/wp-api\/wp\/v2\/posts\/51507"}],"collection":[{"href":"https:\/\/colimdo.org\/wp-api\/wp\/v2\/posts"}],"about":[{"href":"https:\/\/colimdo.org\/wp-api\/wp\/v2\/types\/post"}],"author":[{"embeddable":true,"href":"https:\/\/colimdo.org\/wp-api\/wp\/v2\/users\/16"}],"replies":[{"embeddable":true,"href":"https:\/\/colimdo.org\/wp-api\/wp\/v2\/comments?post=51507"}],"version-history":[{"count":1,"href":"https:\/\/colimdo.org\/wp-api\/wp\/v2\/posts\/51507\/revisions"}],"predecessor-version":[{"id":51509,"href":"https:\/\/colimdo.org\/wp-api\/wp\/v2\/posts\/51507\/revisions\/51509"}],"wp:featuredmedia":[{"embeddable":true,"href":"https:\/\/colimdo.org\/wp-api\/wp\/v2\/media\/51508"}],"wp:attachment":[{"href":"https:\/\/colimdo.org\/wp-api\/wp\/v2\/media?parent=51507"}],"wp:term":[{"taxonomy":"category","embeddable":true,"href":"https:\/\/colimdo.org\/wp-api\/wp\/v2\/categories?post=51507"},{"taxonomy":"post_tag","embeddable":true,"href":"https:\/\/colimdo.org\/wp-api\/wp\/v2\/tags?post=51507"}],"curies":[{"name":"wp","href":"https:\/\/api.w.org\/{rel}","templated":true}]}}