{"id":51548,"date":"2019-04-11T14:48:52","date_gmt":"2019-04-11T14:48:52","guid":{"rendered":"https:\/\/colimdo.org\/?p=51548"},"modified":"2019-04-11T14:48:52","modified_gmt":"2019-04-11T14:48:52","slug":"seleccion-racquetbal-va-clasificatorio-panamericano-colombia","status":"publish","type":"post","link":"https:\/\/colimdo.org\/noticias\/seleccion-racquetbal-va-clasificatorio-panamericano-colombia\/","title":{"rendered":"Selecci\u00f3n de Racquetbal va a clasificatorio Panamericano en Colombia"},"content":{"rendered":"<p>Santo Domingo. La selecci\u00f3n nacional de racquetball se encuentra en la ciudad de Barranquilla, Colombia, donde participar\u00e1 en el clasificatorio de esa disciplina con miras a la obtenci\u00f3n de plazas para los Juegos Panamericanos 2019 de Lima, Per\u00fa.<\/p>\n<div dir=\"auto\">El anuncio lo hizo la Federaci\u00f3n Dominicana de Racquetball (Fedoraquet), que preside Rafael A. Fern\u00e1ndez y quien acompa\u00f1a a los atletas al pa\u00eds suramericano.<\/div>\n<div dir=\"auto\">La selecci\u00f3n est\u00e1 compuesta por Luis Alfredo P\u00e9rez, Ram\u00f3n Miguel de Le\u00f3n, Merynanyelly Delgado y Alejandra Jim\u00e9nez junto a los entrenadores Ricardo Monroy y Rosa G\u00f3mez, as\u00ed como de la delegada Kendy Castillo.<\/div>\n<div dir=\"auto\">El equipo estar\u00e1 compitiendo, desde este s\u00e1bado, en las modalidades de sencillo masculino, femenino y en dobles masculino y femenino, respectivamente.<\/div>\n<div dir=\"auto\">Las jornadas de competencias se estar\u00e1n desarrollando hasta el pr\u00f3ximo domingo 21 del presente mes.<\/div>\n<div dir=\"auto\">En los Juegos Panamericanos de Toronto 2015, el racquetball obtuvo una medalla de bronce de las manos de Luis P\u00e9rez<\/div>\n","protected":false},"excerpt":{"rendered":"<p>El anuncio lo hizo la Federaci\u00f3n Dominicana de Racquetball (Fedoraquet), que preside Rafael A. Fern\u00e1ndez y quien acompa\u00f1a a los atletas al pa\u00eds suramericano.<\/p>\n","protected":false},"author":16,"featured_media":51549,"comment_status":"closed","ping_status":"closed","sticky":false,"template":"","format":"standard","meta":[],"categories":[2,60],"tags":[],"acf":[],"_links":{"self":[{"href":"https:\/\/colimdo.org\/wp-api\/wp\/v2\/posts\/51548"}],"collection":[{"href":"https:\/\/colimdo.org\/wp-api\/wp\/v2\/posts"}],"about":[{"href":"https:\/\/colimdo.org\/wp-api\/wp\/v2\/types\/post"}],"author":[{"embeddable":true,"href":"https:\/\/colimdo.org\/wp-api\/wp\/v2\/users\/16"}],"replies":[{"embeddable":true,"href":"https:\/\/colimdo.org\/wp-api\/wp\/v2\/comments?post=51548"}],"version-history":[{"count":1,"href":"https:\/\/colimdo.org\/wp-api\/wp\/v2\/posts\/51548\/revisions"}],"predecessor-version":[{"id":51550,"href":"https:\/\/colimdo.org\/wp-api\/wp\/v2\/posts\/51548\/revisions\/51550"}],"wp:featuredmedia":[{"embeddable":true,"href":"https:\/\/colimdo.org\/wp-api\/wp\/v2\/media\/51549"}],"wp:attachment":[{"href":"https:\/\/colimdo.org\/wp-api\/wp\/v2\/media?parent=51548"}],"wp:term":[{"taxonomy":"category","embeddable":true,"href":"https:\/\/colimdo.org\/wp-api\/wp\/v2\/categories?post=51548"},{"taxonomy":"post_tag","embeddable":true,"href":"https:\/\/colimdo.org\/wp-api\/wp\/v2\/tags?post=51548"}],"curies":[{"name":"wp","href":"https:\/\/api.w.org\/{rel}","templated":true}]}}