{"id":51554,"date":"2019-04-11T15:45:35","date_gmt":"2019-04-11T15:45:35","guid":{"rendered":"https:\/\/colimdo.org\/?p=51554"},"modified":"2019-04-11T15:47:26","modified_gmt":"2019-04-11T15:47:26","slug":"fuerzas-armadas-inauguran-juegos-deportivos-militares","status":"publish","type":"post","link":"https:\/\/colimdo.org\/noticias\/fuerzas-armadas-inauguran-juegos-deportivos-militares\/","title":{"rendered":"Deporte Militar y Policial de fiesta en sus Juegos de Oro"},"content":{"rendered":"<p>SANTO DOMINGO.- Iniciaron este mi\u00e9rcoles los Juegos Deportivos de las Fuerzas Armadas y la Polic\u00eda Nacional,\u00a0\u00a0con especial dedicatoria al teniente general Rub\u00e9n Dar\u00edo\u00a0Paulino Sem, ministro de Defensa y con m\u00e1s de 3,500 atletas participando en el certamen.<\/p>\n<p>Las instalaciones del Ministerio de Defensa, se vistieron de gala, para servir de escenario al evento deportivo, que re\u00fane una constelaci\u00f3n de atletas, que han puesto en alto el nombre de la Rep\u00fablica Dominicana, en los eventos internacionales.<\/p>\n<p>La\u00a0\u00a0ceremonia se inici\u00f3\u00a0\u00a0con el\u00a0\u00a0recibimiento de las autoridades, por parte de los integrantes del cuerpo directivo del C\u00edrculo Deportivo de las Fuerzas Armadas y la Polic\u00eda Nacional, que encabeza el coronel Kalil\u00a0\u00a0Hach\u00e9.<\/p>\n<p>Luego se rindi\u00f3 los honores militares , encabezando el teniente general Rub\u00e9n\u00a0\u00a0Dar\u00edo Paulino Sem, ministro de Defensa, quien estuvo acompa\u00f1ado de altos jefe militares, adem\u00e1s el presidente del Comit\u00e9 Ol\u00edmpico, Luisin Mej\u00eda; el ministro de Deportes,\u00a0\u00a0Danilo D\u00edaz, entre otros funcionarios.<\/p>\n<p>El acto se desarroll\u00f3\u00a0\u00a0con la\u00a0\u00a0salida de la tropa de l\u00ednea, presentaci\u00f3n de las autoridades, solicitud de permiso, entrada de la Guardia Bandera de la FFAA y PN, luego entrada de las instituciones participantes, interpretaci\u00f3n del Himno Nacional.<\/p>\n<p>El discurso central estuvo a cargo del coronel Kalil Hach\u00e9, presidente del C\u00edrculo Deportivo de las Fuerzas Armadas y la Polic\u00eda Nacional, quien resalt\u00f3 la dedicatoria a Paulino Sem, por su gran apoyo a favor del desarrollo del deporte\u00a0\u00a0militar.<\/p>\n<p>\u201cEs para\u00a0\u00a0el C\u00edrculo Deportivo de las Fuerzas Armadas y la Polic\u00eda Nacional,\u00a0un gran orgullo dedicarle los Juegos Militares en su versi\u00f3n 50 al teniente general\u00a0\u00a0Paulino Sem, quien siempre ha estado presto\u00a0\u00a0ayudar al desarrollo del C\u00edrculo y de los atletas\u201d, dijo el coronel Hach\u00e9.<\/p>\n<p>La declaraci\u00f3n\u00a0\u00a0oficial de apertura\u00a0\u00a0de los Juegos\u00a0\u00a0Deportivos Militares, estuvo a cargo del teniente general\u00a0\u00a0Paulino Sem, quien recibi\u00f3 una placa de parte\u00a0\u00a0del coronel Kalil Hach\u00e9 y los miembros del comit\u00e9 ejecutivo.<\/p>\n<p>Danilo D\u00edaz, ministro de Deportes, tuvo a su cargo las palabras, quien ratific\u00f3 el apoyo a las actividades del C\u00edrculo Deportivos de las Fuerzas Armadas.<\/p>\n<p>\u201cFelicitamos al C\u00edrculo Deportivo de las Fuerzas Armadas y la Polic\u00eda Nacional en la celebraci\u00f3n del 50 aniversario, adem\u00e1s la dedicatoria al teniente general Rub\u00e9n Dar\u00edo Paulino Sem\u201d, dijo D\u00edaz.<\/p>\n<p>La bendici\u00f3n de los Juegos por el coronel\u00a0capell\u00e1n\u00a0El\u00edas Camacho. Los Guloyas, de San Pedro de Macor\u00eds\u00a0\u00a0y un grupo petromacorisano, tuvieron a su cargo las actividades culturales.<\/p>\n<p>El recorrido de la antorcha estuvo a cargo del cabo\u00a0\u00a0Mois\u00e9s\u00a0\u00a0Hern\u00e1ndez, de Taekwondo, escoltado por Gaby Mercedes, Juana Arrendel, Marisela Peralta, el coronel Viola.<\/p>\n","protected":false},"excerpt":{"rendered":"<p>Las instalaciones del Ministerio de Defensa, se vistieron de gala, para servir de escenario al evento deportivo, que re\u00fane una constelaci\u00f3n de atletas, que han puesto en alto el nombre de la Rep\u00fablica Dominicana, en los eventos internacionales.<\/p>\n","protected":false},"author":16,"featured_media":51555,"comment_status":"closed","ping_status":"closed","sticky":false,"template":"","format":"standard","meta":[],"categories":[2,60],"tags":[],"acf":[],"_links":{"self":[{"href":"https:\/\/colimdo.org\/wp-api\/wp\/v2\/posts\/51554"}],"collection":[{"href":"https:\/\/colimdo.org\/wp-api\/wp\/v2\/posts"}],"about":[{"href":"https:\/\/colimdo.org\/wp-api\/wp\/v2\/types\/post"}],"author":[{"embeddable":true,"href":"https:\/\/colimdo.org\/wp-api\/wp\/v2\/users\/16"}],"replies":[{"embeddable":true,"href":"https:\/\/colimdo.org\/wp-api\/wp\/v2\/comments?post=51554"}],"version-history":[{"count":3,"href":"https:\/\/colimdo.org\/wp-api\/wp\/v2\/posts\/51554\/revisions"}],"predecessor-version":[{"id":51558,"href":"https:\/\/colimdo.org\/wp-api\/wp\/v2\/posts\/51554\/revisions\/51558"}],"wp:featuredmedia":[{"embeddable":true,"href":"https:\/\/colimdo.org\/wp-api\/wp\/v2\/media\/51555"}],"wp:attachment":[{"href":"https:\/\/colimdo.org\/wp-api\/wp\/v2\/media?parent=51554"}],"wp:term":[{"taxonomy":"category","embeddable":true,"href":"https:\/\/colimdo.org\/wp-api\/wp\/v2\/categories?post=51554"},{"taxonomy":"post_tag","embeddable":true,"href":"https:\/\/colimdo.org\/wp-api\/wp\/v2\/tags?post=51554"}],"curies":[{"name":"wp","href":"https:\/\/api.w.org\/{rel}","templated":true}]}}