{"id":51567,"date":"2019-04-11T19:06:53","date_gmt":"2019-04-11T19:06:53","guid":{"rendered":"https:\/\/colimdo.org\/?p=51567"},"modified":"2019-04-11T19:06:53","modified_gmt":"2019-04-11T19:06:53","slug":"federacion-judo-gradua-primer-grupo-monitores-municipales","status":"publish","type":"post","link":"https:\/\/colimdo.org\/noticias\/federacion-judo-gradua-primer-grupo-monitores-municipales\/","title":{"rendered":"Federaci\u00f3n de Judo grad\u00faa primer grupo de monitores municipales"},"content":{"rendered":"<p><b><span lang=\"ES-DO\">SANTO DOMINGO.<\/span><\/b><span lang=\"ES-DO\">\u00a0La Federaci\u00f3n Dominicana de Judo (Fedojudo) gradu\u00f3 este jueves el primer grupo de monitores municipales en una ceremonia celebrada en el sal\u00f3n James Rodr\u00edguez del Ministerio de Deportes.<\/span><\/p>\n<p><span lang=\"ES-DO\">Un total de 66 monitores de judo, de diferentes provincias y municipios del pa\u00eds, recibieron el diploma de graduaci\u00f3n, despu\u00e9s de cumplir los requisitos de capacitaci\u00f3n y preparaci\u00f3n que llevaron a cabo durante dos a\u00f1os.<\/span><\/p>\n<p><span lang=\"ES-DO\">\u201cEste es un hecho trascendental, de primera l\u00ednea, que deber\u00e1 convertirse en hist\u00f3rico cuando todos estos monitores de judo est\u00e9n nombrados en los distintos centros educativos de sus lugares\u201d, manifest\u00f3 el licenciado Luis Mej\u00eda, presidente del Comit\u00e9 Ol\u00edmpico Dominicano (COD).<\/span><\/p>\n<p><span lang=\"ES-DO\">El proyecto de formaci\u00f3n de monitores municipales de judo comenz\u00f3 en noviembre de 2016 por una iniciativa del ministro de Deportes Danilo D\u00edaz Vizca\u00edno con las federaciones deportivas nacionales.<\/span><\/p>\n<p><span lang=\"ES-DO\">La Federaci\u00f3n de Judo, la primera que concluye el proyecto de formaci\u00f3n de monitores municipales, comenz\u00f3 con un total de 200 aspirantes provenientes de 153 municipios, de los cuales muchos se quedaron en el camino y otros no concluyeron.<\/span><\/p>\n<p><span lang=\"ES-DO\">\u201cCumplimos una meta importante. Estamos entregando hoy estos j\u00f3venes preparados\u00a0\u00a0y solo nos toca apoyarlos en los lugares donde cada uno expondr\u00e1 sus conocimientos\u201d, se\u00f1al\u00f3 Gilberto Garc\u00eda, presidente de la Fedojudo.<\/span><\/p>\n<p><span lang=\"ES-DO\">En representaci\u00f3n del ministro de Deportes, Danilo D\u00ecaz Vizca\u00ecno, estuvo Corpo Heredia, director de Alto Rendimiento del viceministerio de Deporte Federado, quien manifest\u00f2 sentirse complacido con la culminaci\u00f3n de la iniciativa del ministro D\u00ecaz Vizca\u00ecno.<\/span><\/p>\n<p><span lang=\"ES-DO\">\u201cAhora toca la etapa de poner a estos monitores a desarrollar el judo en sus lugares\u201d, agreg\u00f3 Heredia.<\/span><\/p>\n<p><span lang=\"ES-DO\">Por el Instituto Nacional de Educaci\u00f3n F\u00edsica y Educaci\u00f3n (Inefi), hizo uso de la palabra el licenciado Nelson Acevedo, subdirector de este organismo. \u201cNo hay dudas de que la federaci\u00f3n de judo sigue trabajando con el objetivo de formar atletas y j\u00f3venes con valores\u201d, sostuvo Acevedo.<\/span><\/p>\n<p><span lang=\"ES-DO\">Darelyn del Rosario de la Cruz, de la provincia La Altagracia, e Ignacio Alfredo Cruz Rijo, de San Crist\u00f3bal, se llevaron los honores como los monitores m\u00e1s sobresalientes al obtener las calificaciones m\u00e1s altas.<\/span><\/p>\n<p><span lang=\"ES-DO\">En el acto de graduaci\u00f3n estuvieron adem\u00e1s los miembros del comit\u00e9 ejecutivo de la Fedojudo; Luisa Mart\u00ednez, Ruddy Contreras, Roberto Gerez, John Ponce de Le\u00f3n y C\u00e9sar Langa, as\u00ed como Leidi Germ\u00e1n, directora t\u00e9cnica, y presidentes de asociaciones.<\/span><\/p>\n","protected":false},"excerpt":{"rendered":"<p>Un total de 66 monitores de judo, de diferentes provincias y municipios del pa\u00eds, recibieron el diploma de graduaci\u00f3n, despu\u00e9s de cumplir los requisitos de capacitaci\u00f3n y preparaci\u00f3n que llevaron a cabo durante dos a\u00f1os.<\/p>\n","protected":false},"author":16,"featured_media":51568,"comment_status":"closed","ping_status":"closed","sticky":false,"template":"","format":"standard","meta":[],"categories":[2,60],"tags":[],"acf":[],"_links":{"self":[{"href":"https:\/\/colimdo.org\/wp-api\/wp\/v2\/posts\/51567"}],"collection":[{"href":"https:\/\/colimdo.org\/wp-api\/wp\/v2\/posts"}],"about":[{"href":"https:\/\/colimdo.org\/wp-api\/wp\/v2\/types\/post"}],"author":[{"embeddable":true,"href":"https:\/\/colimdo.org\/wp-api\/wp\/v2\/users\/16"}],"replies":[{"embeddable":true,"href":"https:\/\/colimdo.org\/wp-api\/wp\/v2\/comments?post=51567"}],"version-history":[{"count":1,"href":"https:\/\/colimdo.org\/wp-api\/wp\/v2\/posts\/51567\/revisions"}],"predecessor-version":[{"id":51569,"href":"https:\/\/colimdo.org\/wp-api\/wp\/v2\/posts\/51567\/revisions\/51569"}],"wp:featuredmedia":[{"embeddable":true,"href":"https:\/\/colimdo.org\/wp-api\/wp\/v2\/media\/51568"}],"wp:attachment":[{"href":"https:\/\/colimdo.org\/wp-api\/wp\/v2\/media?parent=51567"}],"wp:term":[{"taxonomy":"category","embeddable":true,"href":"https:\/\/colimdo.org\/wp-api\/wp\/v2\/categories?post=51567"},{"taxonomy":"post_tag","embeddable":true,"href":"https:\/\/colimdo.org\/wp-api\/wp\/v2\/tags?post=51567"}],"curies":[{"name":"wp","href":"https:\/\/api.w.org\/{rel}","templated":true}]}}