{"id":51576,"date":"2019-04-11T20:54:25","date_gmt":"2019-04-11T20:54:25","guid":{"rendered":"https:\/\/colimdo.org\/?p=51576"},"modified":"2019-04-11T20:54:25","modified_gmt":"2019-04-11T20:54:25","slug":"inicia-este-viernes-campeonato-infantil-juvenil-del-caribe-tenis-mesa","status":"publish","type":"post","link":"https:\/\/colimdo.org\/noticias\/inicia-este-viernes-campeonato-infantil-juvenil-del-caribe-tenis-mesa\/","title":{"rendered":"Inicia este viernes campeonato infantil y juvenil del Caribe tenis de mesa"},"content":{"rendered":"<p><b><span lang=\"ES-DO\">SANTO DOMINGO<\/span><\/b><span lang=\"ES-DO\">. Con las competencias por equipos inicia este viernes, desde las 9:30 de la ma\u00f1ana, el Campeonato del Caribe Infantil y Juvenil en el Pabell\u00f3n de esa disciplina en el Parque del Este.<\/span><\/p>\n<p><span lang=\"ES-DO\">El campeonato est\u00e1 dedicado al licenciado Antonio Acosta, presidente de la Federaci\u00f3n Dominicana de Lucha, y primer vicepresidente del Comit\u00e9 Ol\u00edmpico Dominicano (COD).<\/span><\/p>\n<p><span lang=\"ES-DO\">Desde este viernes y hasta el pr\u00f3ximo mi\u00e9rcoles 17 de este mes, los mejores atletas del tenis de mesa en las categor\u00edas infantil y juvenil estar\u00e1n compitiendo por los m\u00e1ximos honores.<\/span><\/p>\n<p><span lang=\"ES-DO\">El licenciado Juan Vila Reynoso, presidente de la Federaci\u00f3n Dominicana de Tenis de Mesa (Fedoteme), inform\u00f3 que la ceremonia de inauguraci\u00f3n se llevar\u00e1 a cabo este s\u00e1bado a las 4:00 de la tarde.<\/span><\/p>\n<p><span lang=\"ES-DO\">El Campeonato del Caribe Infantil y Juvenil de Tenis de Mesa otorgar\u00e1 plazas para el Panamericano de la categor\u00eda que tendr\u00e1 lugar en Canc\u00fan, M\u00e9xico, en el mes de junio pr\u00f3ximo.<\/span><\/p>\n<p><span lang=\"ES-DO\">Concluidas las reyertas por equipos, se dar\u00e1 paso a los partidos de dobles y en individual.<\/span><\/p>\n<p><span lang=\"ES-DO\">En el torneo, que cuenta con el apoyo de Creso, Claro, Ministerio de Deportes, COD, Agropecuaria\u00a0Pets, Caribe Media y Yogur Hacienda, participar\u00e1n algo m\u00e1s de 275 atletas.<\/span><\/p>\n<p><span lang=\"ES-DO\">Entre los pa\u00edses que tendr\u00e1n representaci\u00f3n figuran: Puerto Rico, Santa Luc\u00eda, Jamaica, Barbados, Guyana Francesa, Hait\u00ed, Trinidad &amp; Tobago, Guyana y Rep\u00fablica Dominicana.<\/span><\/p>\n","protected":false},"excerpt":{"rendered":"<p>El campeonato est\u00e1 dedicado al licenciado Antonio Acosta, presidente de la Federaci\u00f3n Dominicana de Lucha, y primer vicepresidente del Comit\u00e9 Ol\u00edmpico Dominicano (COD).<\/p>\n","protected":false},"author":16,"featured_media":51577,"comment_status":"closed","ping_status":"closed","sticky":false,"template":"","format":"standard","meta":[],"categories":[2,60],"tags":[],"acf":[],"_links":{"self":[{"href":"https:\/\/colimdo.org\/wp-api\/wp\/v2\/posts\/51576"}],"collection":[{"href":"https:\/\/colimdo.org\/wp-api\/wp\/v2\/posts"}],"about":[{"href":"https:\/\/colimdo.org\/wp-api\/wp\/v2\/types\/post"}],"author":[{"embeddable":true,"href":"https:\/\/colimdo.org\/wp-api\/wp\/v2\/users\/16"}],"replies":[{"embeddable":true,"href":"https:\/\/colimdo.org\/wp-api\/wp\/v2\/comments?post=51576"}],"version-history":[{"count":1,"href":"https:\/\/colimdo.org\/wp-api\/wp\/v2\/posts\/51576\/revisions"}],"predecessor-version":[{"id":51578,"href":"https:\/\/colimdo.org\/wp-api\/wp\/v2\/posts\/51576\/revisions\/51578"}],"wp:featuredmedia":[{"embeddable":true,"href":"https:\/\/colimdo.org\/wp-api\/wp\/v2\/media\/51577"}],"wp:attachment":[{"href":"https:\/\/colimdo.org\/wp-api\/wp\/v2\/media?parent=51576"}],"wp:term":[{"taxonomy":"category","embeddable":true,"href":"https:\/\/colimdo.org\/wp-api\/wp\/v2\/categories?post=51576"},{"taxonomy":"post_tag","embeddable":true,"href":"https:\/\/colimdo.org\/wp-api\/wp\/v2\/tags?post=51576"}],"curies":[{"name":"wp","href":"https:\/\/api.w.org\/{rel}","templated":true}]}}