{"id":51607,"date":"2019-04-12T15:56:55","date_gmt":"2019-04-12T15:56:55","guid":{"rendered":"https:\/\/colimdo.org\/?p=51607"},"modified":"2019-04-12T15:56:55","modified_gmt":"2019-04-12T15:56:55","slug":"fedobalon-reconoce-medallista-olimpico-gabriel-mercedes","status":"publish","type":"post","link":"https:\/\/colimdo.org\/noticias\/fedobalon-reconoce-medallista-olimpico-gabriel-mercedes\/","title":{"rendered":"Fedobalon reconoce a medallista ol\u00edmpico Gabriel Mercedes"},"content":{"rendered":"<div>SANTO DOMINGO. La Federaci\u00f3n Dominicana de Balonmano reconoci\u00f3 al medallista ol\u00edmpico dominicano, en Tae Kwon Do, Gabriel Mercedes, en un bonito acto donde estuvieron presentes los miembros del Comit\u00e9 Ejecutivo, asi como los directivos y delegados de la Federaci\u00f3n Internacional de Balonmano.<\/div>\n<div>Miguel Rivera afirm\u00f3 que para la FEDOBALON era de gran orgullo reconocer a una figura mundialista del deporte del Tae Kwon Do, como Gabriel Mercedes, que tanta gloria ha dado al pa\u00eds y a los pa\u00edses de Am\u00e9rica.<\/div>\n<div>&#8220;Usted es un gran referente, ahora en su retiro esta ense\u00f1ando todo lo que aprendi\u00f3 a la juventud de Am\u00e9rica y del Mundo con una serie de ciclos de charlas que son muy provechosas&#8221;, dijo Rivera.<\/div>\n<div>De su lado, el medallista ol\u00edmpico en Tae kwon Do en los Juegos de China 2008, Gabriel Mercedes, agradeci\u00f3 la distinci\u00f3n y valoro el trabajo que viene haciendo la FEDOBALON en favor de ese deporte y del deporte en sentido general.<\/div>\n<div>&#8220;Estos muchachos que son de la nueva cosecha del Balonmano ya est\u00e1n dando frutos y ah\u00ed radica el trabajo de la Federaci\u00f3n en trabajar en el fomento de su deporte para cosechar j\u00f3venes valiosos para los Seleccionados Nacionales&#8221;, acoto Mercedes.<\/div>\n","protected":false},"excerpt":{"rendered":"<p>Miguel Rivera afirm\u00f3 que para la FEDOBALON era de gran orgullo reconocer a una figura mundialista del deporte del Tae Kwon Do, como Gabriel Mercedes, que tanta gloria ha dado al pa\u00eds y a los pa\u00edses de Am\u00e9rica.<\/p>\n","protected":false},"author":16,"featured_media":51608,"comment_status":"closed","ping_status":"closed","sticky":false,"template":"","format":"standard","meta":[],"categories":[2,60],"tags":[],"acf":[],"_links":{"self":[{"href":"https:\/\/colimdo.org\/wp-api\/wp\/v2\/posts\/51607"}],"collection":[{"href":"https:\/\/colimdo.org\/wp-api\/wp\/v2\/posts"}],"about":[{"href":"https:\/\/colimdo.org\/wp-api\/wp\/v2\/types\/post"}],"author":[{"embeddable":true,"href":"https:\/\/colimdo.org\/wp-api\/wp\/v2\/users\/16"}],"replies":[{"embeddable":true,"href":"https:\/\/colimdo.org\/wp-api\/wp\/v2\/comments?post=51607"}],"version-history":[{"count":1,"href":"https:\/\/colimdo.org\/wp-api\/wp\/v2\/posts\/51607\/revisions"}],"predecessor-version":[{"id":51609,"href":"https:\/\/colimdo.org\/wp-api\/wp\/v2\/posts\/51607\/revisions\/51609"}],"wp:featuredmedia":[{"embeddable":true,"href":"https:\/\/colimdo.org\/wp-api\/wp\/v2\/media\/51608"}],"wp:attachment":[{"href":"https:\/\/colimdo.org\/wp-api\/wp\/v2\/media?parent=51607"}],"wp:term":[{"taxonomy":"category","embeddable":true,"href":"https:\/\/colimdo.org\/wp-api\/wp\/v2\/categories?post=51607"},{"taxonomy":"post_tag","embeddable":true,"href":"https:\/\/colimdo.org\/wp-api\/wp\/v2\/tags?post=51607"}],"curies":[{"name":"wp","href":"https:\/\/api.w.org\/{rel}","templated":true}]}}