{"id":51627,"date":"2019-04-12T23:08:51","date_gmt":"2019-04-12T23:08:51","guid":{"rendered":"https:\/\/colimdo.org\/?p=51627"},"modified":"2019-04-12T23:08:51","modified_gmt":"2019-04-12T23:08:51","slug":"walton-no-continuara-dirigiendo-los-lakers","status":"publish","type":"post","link":"https:\/\/colimdo.org\/noticias\/walton-no-continuara-dirigiendo-los-lakers\/","title":{"rendered":"Walton no continuar\u00e1 dirigiendo a los Lakers"},"content":{"rendered":"<p>LOS \u00c1NGELES (AP) \u2014 Los Lakers de Los \u00c1ngeles alcanzaron un acuerdo con el entrenador Luke Walton para rescindir su contrato luego de tres temporadas de malos resultados.<\/p>\n<p>El gerente general de los Lakers Rob Pelinka anunci\u00f3 el viernes la salida de Walton, apenas tres d\u00edas despu\u00e9s de la abrupta renuncia del presidente de operaciones de b\u00e1squetbol Magic Johnson.<\/p>\n<p>Walton, exalero de los Lakers, acumul\u00f3 una marca de 98-148 durante su primera experiencia como entrenador, al frente de un club con 16 campeonatos de la NBA en sus vitrinas. El ex auxiliar t\u00e9cnico de Golden State nunca pudo llevar a los Lakers a los playoffs, ni siquiera tras el fichaje de LeBron James el verano pasado.<\/p>\n<p>Walton se marcha luego que el \u00faltimo partido de una temporada con marca de 37-45 fue eclipsado por la renuncia de Johnson, quien retuvo a Walton cuando tom\u00f3 la batuta ejecutiva de los Lakers en febrero de 2017. Johnson atribuy\u00f3 su decisi\u00f3n en cierta medida a su reticencia de despedir Walton, alguien cercano a la due\u00f1a Jeanie Buss.<\/p>\n<p>En cambio, Pelinka anunci\u00f3 la salida de Walton en una posible se\u00f1al de que el exagente de Kobe Bryant ha adquirido m\u00e1s poder dentro de la franquicia sin Johnson de por medio.<\/p>\n<p>\u201cQuiero dar las gracias a Jeanie Buss y a la familia Buss por darme la oportunidad de dirigir a los Lakers\u201d, dijo Walton en un comunicado difundido por el equipo. \u201cEsta franquicia y la ciudad siempre ser\u00e1n especiales para m\u00ed y mi familia\u201d.<\/p>\n<p>Walton lleg\u00f3 a los Lakers con fanfarria en 2016 tras su exitoso paso junto al entrenador Steve Kerr con los potentes Warriors. Walton qued\u00f3 como t\u00e9cnico interino cuando Kerr tuvo que apartarse de sus funciones debido a problemas de salud al inicio de la temporada de 2015-16, llevando a los Warriors a un inicio 24-0 y una marca de 39-4 antes que Kerr pudo volver al banco.<\/p>\n","protected":false},"excerpt":{"rendered":"<p>LOS \u00c1NGELES (AP) \u2014 Los Lakers de Los \u00c1ngeles alcanzaron un acuerdo con el entrenador Luke Walton para rescindir su contrato luego de tres temporadas de malos resultados. El gerente general de los Lakers Rob Pelinka anunci\u00f3 el viernes la salida de Walton, apenas tres d\u00edas despu\u00e9s de la abrupta renuncia del presidente de operaciones [&hellip;]<\/p>\n","protected":false},"author":9,"featured_media":51628,"comment_status":"closed","ping_status":"closed","sticky":false,"template":"","format":"standard","meta":[],"categories":[2,60],"tags":[],"acf":[],"_links":{"self":[{"href":"https:\/\/colimdo.org\/wp-api\/wp\/v2\/posts\/51627"}],"collection":[{"href":"https:\/\/colimdo.org\/wp-api\/wp\/v2\/posts"}],"about":[{"href":"https:\/\/colimdo.org\/wp-api\/wp\/v2\/types\/post"}],"author":[{"embeddable":true,"href":"https:\/\/colimdo.org\/wp-api\/wp\/v2\/users\/9"}],"replies":[{"embeddable":true,"href":"https:\/\/colimdo.org\/wp-api\/wp\/v2\/comments?post=51627"}],"version-history":[{"count":1,"href":"https:\/\/colimdo.org\/wp-api\/wp\/v2\/posts\/51627\/revisions"}],"predecessor-version":[{"id":51629,"href":"https:\/\/colimdo.org\/wp-api\/wp\/v2\/posts\/51627\/revisions\/51629"}],"wp:featuredmedia":[{"embeddable":true,"href":"https:\/\/colimdo.org\/wp-api\/wp\/v2\/media\/51628"}],"wp:attachment":[{"href":"https:\/\/colimdo.org\/wp-api\/wp\/v2\/media?parent=51627"}],"wp:term":[{"taxonomy":"category","embeddable":true,"href":"https:\/\/colimdo.org\/wp-api\/wp\/v2\/categories?post=51627"},{"taxonomy":"post_tag","embeddable":true,"href":"https:\/\/colimdo.org\/wp-api\/wp\/v2\/tags?post=51627"}],"curies":[{"name":"wp","href":"https:\/\/api.w.org\/{rel}","templated":true}]}}