{"id":51651,"date":"2019-04-13T22:17:29","date_gmt":"2019-04-13T22:17:29","guid":{"rendered":"https:\/\/colimdo.org\/?p=51651"},"modified":"2019-04-13T22:17:37","modified_gmt":"2019-04-13T22:17:37","slug":"exfutbolista-pele-ha-operado-exito-calculo-renal","status":"publish","type":"post","link":"https:\/\/colimdo.org\/noticias\/exfutbolista-pele-ha-operado-exito-calculo-renal\/","title":{"rendered":"Exfutbolista Pel\u00e9 ha sido operado con \u00e9xito de un c\u00e1lculo renal"},"content":{"rendered":"<p><strong>EFE.<\/strong> El exfutbolista brasile\u00f1o\u00a0Edson Arantes do Nascimento, Pel\u00e9, fue\u00a0operado con \u00e9xito este s\u00e1bado\u00a0para la retirada\u00a0de un c\u00e1lculo renal\u00a0que le mantiene hospitalizado en Sao Paulo desdeel pasado martes, informaron fuentes m\u00e9dicas.<\/p>\n<p>El triple campe\u00f3n del mundo con la Canarinha\u00a0presenta &#8220;un buen estado general de salud desde el punto de visita cl\u00ednico&#8221;\u00a0y se encuentra en observaci\u00f3n en una habitaci\u00f3n del prestigioso hospital israel\u00ed Albert Einstein de Sao Paulo.<\/p>\n<p>&#8220;Esta ma\u00f1ana le fue retirado el c\u00e1lculo renal. El procedimiento fueexitoso y el paciente ya se encuentra en su cuarto&#8221;, inform\u00f3 el equipom\u00e9dico en el \u00faltimo bolet\u00edn, que no especific\u00f3 una fecha de alta.<\/p>\n<p>Pel\u00e9,\u00a0de 78 a\u00f1os y\u00a0quien s\u00f3lo tiene un ri\u00f1\u00f3n desde la d\u00e9cada de los 70,\u00a0fue sometido a unos an\u00e1lisis m\u00e9dicos en la noche del viernes\u00a0que confirmaron la necesidad de intervenirlo quir\u00fargicamente.<\/p>\n<p>La leyenda del f\u00fatbol, para muchos el mejor jugador de todos los tiempos, fue hospitalizado el pasado martes en Sao Paulo nada m\u00e1s aterrizar de Par\u00eds, donde permaneci\u00f3 otros cinco d\u00edas internado por una &#8220;severainfecci\u00f3n de orina que requiri\u00f3 asistencia m\u00e9dica y una cirug\u00eda deemergencia&#8221;.<\/p>\n<p>En la capital gala particip\u00f3 en un acto publicitario con el goleador del Par\u00eds Saint-Germain Kylian Mbapp\u00e9, del que se declara un profundo admirador, pero poco despu\u00e9s tuvo que ser internado en una cl\u00ednica donde recibi\u00f3 tratamiento por cinco d\u00edas.<\/p>\n<p>Tratada la infecci\u00f3n, volvi\u00f3 a Brasil y desembarc\u00f3 la madrugada del martes en Sao Paulo en silla de ruedas y arropado por sus seguidores para, inmediatamente despu\u00e9s, ser trasladado al hospital Albert Einstein.<\/p>\n<p>En esa misma cl\u00ednica lleg\u00f3 a permanecer dos semanas hospitalizado en 2014 debido a una infecci\u00f3n urinaria que le apareci\u00f3 despu\u00e9s de haber sido operado de c\u00e1lculos renales, mientras que en 2015 fue operado dela pr\u00f3stata.<\/p>\n<p>La\u00a0salud del astro brasile\u00f1o ha sido motivo de preocupaci\u00f3n en los \u00faltimos a\u00f1os,\u00a0en los que tambi\u00e9n ha sido sometido a procedimientos quir\u00fargicos en la columna y en la cadera.<\/p>\n","protected":false},"excerpt":{"rendered":"<p>El triple campe\u00f3n del mundo con la Canarinha presenta &#8220;un buen estadogeneral de salud desde el punto de visita cl\u00ednico&#8221; y se encuentra enobservaci\u00f3n<\/p>\n","protected":false},"author":13,"featured_media":51652,"comment_status":"closed","ping_status":"closed","sticky":false,"template":"","format":"standard","meta":[],"categories":[2],"tags":[],"acf":[],"_links":{"self":[{"href":"https:\/\/colimdo.org\/wp-api\/wp\/v2\/posts\/51651"}],"collection":[{"href":"https:\/\/colimdo.org\/wp-api\/wp\/v2\/posts"}],"about":[{"href":"https:\/\/colimdo.org\/wp-api\/wp\/v2\/types\/post"}],"author":[{"embeddable":true,"href":"https:\/\/colimdo.org\/wp-api\/wp\/v2\/users\/13"}],"replies":[{"embeddable":true,"href":"https:\/\/colimdo.org\/wp-api\/wp\/v2\/comments?post=51651"}],"version-history":[{"count":1,"href":"https:\/\/colimdo.org\/wp-api\/wp\/v2\/posts\/51651\/revisions"}],"predecessor-version":[{"id":51653,"href":"https:\/\/colimdo.org\/wp-api\/wp\/v2\/posts\/51651\/revisions\/51653"}],"wp:featuredmedia":[{"embeddable":true,"href":"https:\/\/colimdo.org\/wp-api\/wp\/v2\/media\/51652"}],"wp:attachment":[{"href":"https:\/\/colimdo.org\/wp-api\/wp\/v2\/media?parent=51651"}],"wp:term":[{"taxonomy":"category","embeddable":true,"href":"https:\/\/colimdo.org\/wp-api\/wp\/v2\/categories?post=51651"},{"taxonomy":"post_tag","embeddable":true,"href":"https:\/\/colimdo.org\/wp-api\/wp\/v2\/tags?post=51651"}],"curies":[{"name":"wp","href":"https:\/\/api.w.org\/{rel}","templated":true}]}}