{"id":51654,"date":"2019-04-13T22:25:24","date_gmt":"2019-04-13T22:25:24","guid":{"rendered":"https:\/\/colimdo.org\/?p=51654"},"modified":"2019-04-13T22:25:30","modified_gmt":"2019-04-13T22:25:30","slug":"infantino-pide-las-federaciones-sanciones-severas-racismo","status":"publish","type":"post","link":"https:\/\/colimdo.org\/noticias\/infantino-pide-las-federaciones-sanciones-severas-racismo\/","title":{"rendered":"Infantino pide a las federaciones &#8220;sanciones severas&#8221; contra el racismo"},"content":{"rendered":"<ol>\n<li>El presidente de la FIFA, Gianni Infantino, ha mostrado su apoyo a los jugadores Kalidou Koulibaly (N\u00e1poles), Raheem Sterling (Manchester City) y Danny Rose (Tottenham Hotspur) y Prince Gouano (Amiens), que en las \u00faltimas semanas han sido v\u00edctimas de manifestaciones racistas, y ha apelado a las federaciones a adoptar &#8220;sanciones severas&#8221; contra este tipo de comportamientos, pidi\u00e9ndoles, en caso de que sea necesario, &#8220;abandonar&#8221; el campo y suspender el partido.<\/li>\n<\/ol>\n<p>&#8220;Introdujimos el llamado &#8216;procedimiento de tres pasos&#8217; en nuestros torneos: un mecanismo que permite a los \u00e1rbitros llegar a abandonar un partido en caso de incidentes discriminatorios. La FIFA insta a todas las federaciones miembro, ligas, clubes y organismos disciplinarios a adoptar el mismo procedimiento, as\u00ed como a tener tolerancia cero frente a los incidentes de racismo en el f\u00fatbol y a aplicar sanciones severas por cualquier tipo de comportamiento de este tipo&#8221;, se\u00f1al\u00f3 en un comunicado este s\u00e1bado.<\/p>\n<p>El m\u00e1ximo mandatario del organismo rector del f\u00fatbol mundial explic\u00f3 que ha sido &#8220;muy triste&#8221; volver a ver &#8220;incidentes racistas en el f\u00fatbol&#8221; en las \u00faltimas semanas. &#8220;Esto es inaceptable, el racismo no tiene lugar en el f\u00fatbol, como tampoco tiene lugar en la sociedad&#8221;, dijo. &#8220;La FIFA se une a Prince Gouano, Kalidou Koulibaly, Raheem Sterling y Danny Rose, as\u00ed como a cualquier otro jugador, entrenador, aficionado o participante en un partido de f\u00fatbol que haya sufrido racismo, ya sea en al m\u00e1s alto nivel profesional o en el patio de recreo. El racismo debe terminar&#8221;, subray\u00f3.<\/p>\n<p>&#8220;Seguiremos estando a la vanguardia de la lucha contra el racismo y garantizamos a todas nuestras federaciones miembro que cuentan con todo nuestro apoyo para asumir este desaf\u00edo. No dudaremos en hacer todo lo que est\u00e9 a nuestro alcance para erradicar el racismo y cualquier otra forma de discriminaci\u00f3n a cualquier nivel y en cualquier parte del mundo&#8221;, concluy\u00f3.<\/p>\n","protected":false},"excerpt":{"rendered":"<p>El presidente de la FIFA ha mostrado su apoyo a los jugadores que en las \u00faltimas semanas han sido v\u00edctimas de manifestaciones racistas.<\/p>\n","protected":false},"author":13,"featured_media":51655,"comment_status":"closed","ping_status":"closed","sticky":false,"template":"","format":"standard","meta":[],"categories":[2],"tags":[],"acf":[],"_links":{"self":[{"href":"https:\/\/colimdo.org\/wp-api\/wp\/v2\/posts\/51654"}],"collection":[{"href":"https:\/\/colimdo.org\/wp-api\/wp\/v2\/posts"}],"about":[{"href":"https:\/\/colimdo.org\/wp-api\/wp\/v2\/types\/post"}],"author":[{"embeddable":true,"href":"https:\/\/colimdo.org\/wp-api\/wp\/v2\/users\/13"}],"replies":[{"embeddable":true,"href":"https:\/\/colimdo.org\/wp-api\/wp\/v2\/comments?post=51654"}],"version-history":[{"count":1,"href":"https:\/\/colimdo.org\/wp-api\/wp\/v2\/posts\/51654\/revisions"}],"predecessor-version":[{"id":51656,"href":"https:\/\/colimdo.org\/wp-api\/wp\/v2\/posts\/51654\/revisions\/51656"}],"wp:featuredmedia":[{"embeddable":true,"href":"https:\/\/colimdo.org\/wp-api\/wp\/v2\/media\/51655"}],"wp:attachment":[{"href":"https:\/\/colimdo.org\/wp-api\/wp\/v2\/media?parent=51654"}],"wp:term":[{"taxonomy":"category","embeddable":true,"href":"https:\/\/colimdo.org\/wp-api\/wp\/v2\/categories?post=51654"},{"taxonomy":"post_tag","embeddable":true,"href":"https:\/\/colimdo.org\/wp-api\/wp\/v2\/tags?post=51654"}],"curies":[{"name":"wp","href":"https:\/\/api.w.org\/{rel}","templated":true}]}}