{"id":51697,"date":"2019-04-14T17:21:46","date_gmt":"2019-04-14T17:21:46","guid":{"rendered":"https:\/\/colimdo.org\/?p=51697"},"modified":"2019-04-14T17:21:55","modified_gmt":"2019-04-14T17:21:55","slug":"rd-gana-oro-dos-platas-equipo-torneo-del-caribe-tenis-mesa","status":"publish","type":"post","link":"https:\/\/colimdo.org\/noticias\/rd-gana-oro-dos-platas-equipo-torneo-del-caribe-tenis-mesa\/","title":{"rendered":"RD gana un oro y dos platas en equipo torneo del Caribe tenis de mesa"},"content":{"rendered":"<p><strong>SANTO DOMINGO.<\/strong> Con tres medallas de oro y una de plata, la representaci\u00f3n de Puerto Rico domin\u00f3 las competencias por equipos del Campeonato Infantil y Juvenil del Caribe de Tenis de Mesa que se celebra en el Pabell\u00f3n de esa disciplina del Parque del Este.<\/p>\n<p>La delegaci\u00f3n de la Rep\u00fablica Dominicana sum\u00f3 una presea dorada, dos de plata y un bronce en el certamen que est\u00e1 dedicado al licenciado Antonio Acosta, quien recibi\u00f3 una placa de reconocimiento en la ceremonia oficial de inauguraci\u00f3n el s\u00e1bado.<\/p>\n<p>El equipo juvenil dominicano derrot\u00f3 en la final 3 sets por 0 a su similar de Puerto Rico, que se qued\u00f3 con la plata. El tercer lugar recay\u00f3 sobre Guyana Francesa.<\/p>\n<p>Puerto Rico, en cambio, se coron\u00f3 campe\u00f3n en infantil masculino, con ocho puntos, mientras que Rep\u00fablica Dominicana logr\u00f3 el segundo pelda\u00f1o con siete unidades, y Santa Luc\u00eda fue tercero con seis tantos.<\/p>\n<p>En infantil femenino, Puerto Rico se qued\u00f3 con el t\u00edtulo al acumular seis puntos, en tanto que Jamaica obtuvo la plata, con cinco tantos, y la Rep\u00fablica Dominicana con el bronce al sumar cuatro unidades.<\/p>\n<p>En juvenil masculino, los boricuas se impusieron 3 sets por 2 ante el equipo dominicano, para sumar ocho puntos. El tercer pelda\u00f1o recay\u00f3 sobre Trinidad &amp; Tobago.<\/p>\n<p>Concluidas las competencias por equipos, se dio inicio a los partidos de dobles e individual, cuyas premiaciones se llevar\u00e1n a cabo el pr\u00f3ximo mi\u00e9rcoles.<\/p>\n<p><strong>CEREMONIA DE INAUGURACI\u00d2N<\/strong><\/p>\n<p>El licenciado Antonio Acosta, al recibir la placa de reconocimiento en la ceremonia oficial de apertura, agradeci\u00f3 la distinci\u00f3n y reiter\u00f3 su compromiso de seguir sirviendo al deporte.<\/p>\n<p>La placa fue entregada por Juan Vila, presidente de Fedoteme, y Teddy Mathews, presidente de la Confederaci\u00f3n del Caribe de Tenis de Mesa, as\u00ec como miembros del comit\u00e9 ejecutivo de la Fedoteme.<\/p>\n<p>En el torneo, que cuenta con el apoyo de Creso, Claro, Ministerio de Deportes, COD, Agropecuaria\u00a0Pets, Caribe Media y Yogur Hacienda, participan algo m\u00e1s de 275 atletas.<\/p>\n<p>Entre los pa\u00edses que tienen representaci\u00f3n figuran: Puerto Rico, Santa Luc\u00eda, Jamaica, Barbados, Guyana Francesa, Hait\u00ed, Trinidad &amp; Tobago, Guyana y Rep\u00fablica Dominicana.<\/p>\n","protected":false},"excerpt":{"rendered":"<p>La representaci\u00f3n de Puerto Rico se alz\u00f3 con tres medallas de oro y una de plata en las competencias por equipo del Campeonato del Caribe Infantil y Juvenil de Tenis de Mesa.<\/p>\n","protected":false},"author":13,"featured_media":51698,"comment_status":"closed","ping_status":"closed","sticky":false,"template":"","format":"standard","meta":[],"categories":[2,60],"tags":[],"acf":[],"_links":{"self":[{"href":"https:\/\/colimdo.org\/wp-api\/wp\/v2\/posts\/51697"}],"collection":[{"href":"https:\/\/colimdo.org\/wp-api\/wp\/v2\/posts"}],"about":[{"href":"https:\/\/colimdo.org\/wp-api\/wp\/v2\/types\/post"}],"author":[{"embeddable":true,"href":"https:\/\/colimdo.org\/wp-api\/wp\/v2\/users\/13"}],"replies":[{"embeddable":true,"href":"https:\/\/colimdo.org\/wp-api\/wp\/v2\/comments?post=51697"}],"version-history":[{"count":1,"href":"https:\/\/colimdo.org\/wp-api\/wp\/v2\/posts\/51697\/revisions"}],"predecessor-version":[{"id":51699,"href":"https:\/\/colimdo.org\/wp-api\/wp\/v2\/posts\/51697\/revisions\/51699"}],"wp:featuredmedia":[{"embeddable":true,"href":"https:\/\/colimdo.org\/wp-api\/wp\/v2\/media\/51698"}],"wp:attachment":[{"href":"https:\/\/colimdo.org\/wp-api\/wp\/v2\/media?parent=51697"}],"wp:term":[{"taxonomy":"category","embeddable":true,"href":"https:\/\/colimdo.org\/wp-api\/wp\/v2\/categories?post=51697"},{"taxonomy":"post_tag","embeddable":true,"href":"https:\/\/colimdo.org\/wp-api\/wp\/v2\/tags?post=51697"}],"curies":[{"name":"wp","href":"https:\/\/api.w.org\/{rel}","templated":true}]}}