{"id":51711,"date":"2019-04-14T22:58:19","date_gmt":"2019-04-14T22:58:19","guid":{"rendered":"https:\/\/colimdo.org\/?p=51711"},"modified":"2019-04-14T22:58:29","modified_gmt":"2019-04-14T22:58:29","slug":"bayaguana-la-romana-final-softbol-master-torneo-playero-ruben-toyota","status":"publish","type":"post","link":"https:\/\/colimdo.org\/noticias\/bayaguana-la-romana-final-softbol-master-torneo-playero-ruben-toyota\/","title":{"rendered":"Bayaguana y La Romana, a final softbol m\u00e1ster Torneo Playero Rub\u00e9n Toyota"},"content":{"rendered":"<p>HATO MAYOR. Con el triunfo de los equipos Bayaguana\/Monte Plata, y San Pedro de Macor\u00eds en softbol regional master; la caminata al Marchado por la salud, la familia y la preservaci\u00f3n del medio ambiente y la IX Feria Recreativa para Personas con Discapacidad inici\u00f3 el torneo Voleibol y Baloncesto Playero Rub\u00e9n Toyota, Festival Deportivo Semana Santa 2019.<\/p>\n<p><span style=\"font-style: inherit; font-weight: inherit;\">Las selecciones de Monte Plata y La Romana avanzaron a la final del torneo m\u00e1ster de softbol regional, al coronarse en los grupos A y B, que jugaron la vuelta regular tipo liga. Ambos equipos aseguraron un premio de 10 mil pesos y van por RD$25 mil en una final que se disputar\u00e1 el pr\u00f3ximo domingo en el estadio La Toronja de esta ciudad.<\/span><\/p>\n<p><span style=\"font-style: inherit; font-weight: inherit;\">Bayaguana avanz\u00f3 como mejor del Grupo-A al imponerse a los equipos El Seibo y Hato Mayor. Frente al Seibo triunfo con pizarra de seis carreras a dos.<\/span><\/p>\n<p><span style=\"font-style: inherit; font-weight: inherit;\">Rafael Caraballo fue el lanzador ganador y perdi\u00f3 Antero Rosario. Se destacaron por los ganadores en ese partido Luis Vargas con dos sencillos; Jes\u00fas Dur\u00e1n y Arsenio Carrera un doble y F\u00e9lix Pimentel y Nicol\u00e1s Zorrilla ayudaron con un sencillo.<\/span><\/p>\n<p><span style=\"font-style: inherit; font-weight: inherit;\">Los bayaguaneros lograron su pase a la final al superar seis carreras a cinco a los locales de Hato Mayor. Caraballo nuevamente se adjudic\u00f3 la victoria y perdi\u00f3 F\u00e9lix C\u00e9spedes.<\/span><\/p>\n<p><span style=\"font-style: inherit; font-weight: inherit;\">Jes\u00fas Dur\u00e1n con jonr\u00f3n, F\u00e9lix Pimentel y Carlos Germ\u00e1n\u00a0 con doble y Caraballo con un sencillo, fueron los bateadores m\u00e1s destacados por los ganadores.<\/span><\/p>\n<p><span style=\"font-style: inherit; font-weight: inherit;\">San Pedro de Macor\u00eds se llev\u00f3 los lauros al superar a La Romana e Hig\u00fcey.<\/span><\/p>\n<p><span style=\"font-style: inherit; font-weight: inherit;\">El primer triunfo de los macorisanos fue un duelo de picheo que finaliz\u00f3 con pizarra de tres carreras a dos, ante el seleccionado de Hig\u00fcey y en donde ambos lanzadores, el ganador Fausto Carty y el derrotado Sim\u00f3n de Los Santos, solo permitieron cuatro hits cada uno.<\/span><\/p>\n<p><span style=\"font-style: inherit; font-weight: inherit;\">Eusebio Marte con dos sencillos y Junior Mej\u00eda con un triple, fueron los mejores por los ganadores.<\/span><\/p>\n<p><span style=\"font-style: inherit; font-weight: inherit;\">Ante La Romana, Macor\u00eds triunf\u00f3 con pizarra de nueve vueltas a cuatro. Juan Rodr\u00edguez fue el pitcher ganador y perdi\u00f3 Julio Sim\u00f3n.<\/span><\/p>\n<p><span style=\"font-style: inherit; font-weight: inherit;\">Clemente Murray con dos triples, encabez\u00f3 a los ganadores; Junior Mej\u00eda, Carlos Contreras y Gabriel Palacios ayudaron con par de singles cada uno.<\/span><\/p>\n<p><strong>CEREMONIA DE APERTURA <\/strong><\/p>\n<p>La justa, en la celebraci\u00f3n de su 25 torneo, rinde homenaje con su dedicatoria a Nuris Arias y a H\u00e9ctor Monegro\u00a0 (El Vikingo). Reconoce adem\u00e1s a Roberto N\u00fa\u00f1ez\u00a0 (Chory), como H\u00e9roe Deportivo de Siempre y de manera especial a Domingo Rosario, V\u00edctor Ger\u00f3nimo, Yudelka Guzm\u00e1n\u00a0 y a Jos\u00e9 Miguel Pe\u00f1a.<\/p>\n<p><span style=\"font-style: inherit; font-weight: inherit;\">El Festival Deportivo incluye adem\u00e1s Billar, y domin\u00f3 y tiene como sedes principales las canchas de arena del Rancho Tur\u00edstico Do\u00f1a Callita y el Polideportivo H\u00e9ctor Monegro.<\/span><\/p>\n<p><span style=\"font-style: inherit; font-weight: inherit;\">La feria\u00a0para personas con discapacidad es dedicada a Mirian Santana; el softbol al doctor Rufino Garc\u00eda Puello; el billar al Dr. William Radham\u00e9s Cueto B\u00e1ez y el domin\u00f3 a Doctor Santana Echavarr\u00eda.<\/span><\/p>\n<p><span style=\"font-style: inherit; font-weight: inherit;\">Reparte m\u00e1s de 65 d\u00f3lares en premios y bonos a los ganadores de los primeros lugares en cada disciplina, por lo que el presidente del comit\u00e9 organizador, Senador Rub\u00e9n Dar\u00edo Cruz Ubiera, lo considera el principal motor de la econom\u00eda en la provincia, en el per\u00edodo de la Semana Mayor.<\/span><\/p>\n<p><span style=\"font-style: inherit; font-weight: inherit;\">En la apertura de la Feria para Personas con Discapacida, las palabras de bienvenidas estuvieron a cargo de la licenciada Karina Rodr\u00edguez, presidente de la Filial Hato Mayor de Hato Mayor, en la que motiv\u00f3 a los padres de hijos con caracter\u00edsticas especiales, a acercarse a la entidad y buscar el apoyo que seg\u00fan expres\u00f3, todo el personal brinda \u201ca esos seres\u201d que con sus acciones y como lo expresan en su slogan \u201cSoy Como T\u00fa\u201d, los indican que \u201cson como nosotros con iguales derechos y deberes que cumplir en la sociedad\u201d.<\/span><\/p>\n<p><span style=\"font-style: inherit; font-weight: inherit;\">&#8220;Adem\u00e1s de lo especial que es \u00e9sta actividad,\u00a0 por lo especial de sus actores, seres humanos dotados de caracter\u00edsticas que nos motivan a ponderar su esfuerzo y felicitar a la filial de Rehabilitaci\u00f3n de Hato Mayor, por dedicar su tiempo,\u00a0 el tiempo\u00a0 su familia,\u00a0 a promover sus valores y reclamar su aceptaci\u00f3n en la sociedad,\u00a0 como lo que son, seres con iguales derechos a los nuestros&#8221;, apunt\u00f3 Cruz Ubiera en pronunciar el discurso central en la apertura de la Feria para Personas con Discapacidad.<\/span><\/p>\n<p><span style=\"font-style: inherit; font-weight: inherit;\">Priscila Rivera tuvo a su cargo la lectura de la semblanza de Santana, en la que narr\u00f3 que el estar afectada de Poliomielitis, no fue una limitante para su formaci\u00f3n acad\u00e9mica, formarse como mujer y madre y \u201choy ser una motivadora para que otras con limitantes, se inserten en la vida normal de nuestro pa\u00eds\u201d.<\/span><\/p>\n","protected":false},"excerpt":{"rendered":"<p>En el inicio del Torneo Playero Rub\u00e9n Toyota tambi\u00e9n tambi\u00e9n se llev\u00f2 a cabo este domingo la caminata al Marchado por la salud, la familia y la preservaci\u00f3n del medio ambiente.<\/p>\n","protected":false},"author":13,"featured_media":51712,"comment_status":"closed","ping_status":"closed","sticky":false,"template":"","format":"standard","meta":[],"categories":[2],"tags":[],"acf":[],"_links":{"self":[{"href":"https:\/\/colimdo.org\/wp-api\/wp\/v2\/posts\/51711"}],"collection":[{"href":"https:\/\/colimdo.org\/wp-api\/wp\/v2\/posts"}],"about":[{"href":"https:\/\/colimdo.org\/wp-api\/wp\/v2\/types\/post"}],"author":[{"embeddable":true,"href":"https:\/\/colimdo.org\/wp-api\/wp\/v2\/users\/13"}],"replies":[{"embeddable":true,"href":"https:\/\/colimdo.org\/wp-api\/wp\/v2\/comments?post=51711"}],"version-history":[{"count":1,"href":"https:\/\/colimdo.org\/wp-api\/wp\/v2\/posts\/51711\/revisions"}],"predecessor-version":[{"id":51713,"href":"https:\/\/colimdo.org\/wp-api\/wp\/v2\/posts\/51711\/revisions\/51713"}],"wp:featuredmedia":[{"embeddable":true,"href":"https:\/\/colimdo.org\/wp-api\/wp\/v2\/media\/51712"}],"wp:attachment":[{"href":"https:\/\/colimdo.org\/wp-api\/wp\/v2\/media?parent=51711"}],"wp:term":[{"taxonomy":"category","embeddable":true,"href":"https:\/\/colimdo.org\/wp-api\/wp\/v2\/categories?post=51711"},{"taxonomy":"post_tag","embeddable":true,"href":"https:\/\/colimdo.org\/wp-api\/wp\/v2\/tags?post=51711"}],"curies":[{"name":"wp","href":"https:\/\/api.w.org\/{rel}","templated":true}]}}