{"id":51730,"date":"2019-04-15T16:14:23","date_gmt":"2019-04-15T16:14:23","guid":{"rendered":"https:\/\/colimdo.org\/?p=51730"},"modified":"2019-04-15T16:14:35","modified_gmt":"2019-04-15T16:14:35","slug":"distrito-nacional-logra-maximos-honores-torneo-natacion","status":"publish","type":"post","link":"https:\/\/colimdo.org\/noticias\/distrito-nacional-logra-maximos-honores-torneo-natacion\/","title":{"rendered":"El Distrito Nacional logra m\u00e1ximos honores torneo de nataci\u00f3n"},"content":{"rendered":"<p>El Distrito Nacional se alz\u00f3 con los m\u00e1ximos honores durante la celebraci\u00f3n del quinto Dominican Internacional Swim Open y Campeonato Nacional 2019, que estuvo dedicado al licenciado Danilo D\u00edaz, ministro de Deportes.<\/p>\n<p>Los del distrito acumularon un total de 4,362.50 puntos, dejando en segundo lugar a la Asociaci\u00f3n de Santiago con 1,863.50 tantos, mientras que la provincia Santo Domingo se conform\u00f3 con el tercer pelda\u00f1o tras conseguir un total de 278.<br \/>\nEl cuarto lugar correspondi\u00f3 a la Asociaci\u00f3n de Nataci\u00f3n de San Crist\u00f3bal con 60 puntos.<br \/>\n<strong>Costa Rica y Bolivia<\/strong><br \/>\nLa selecci\u00f3n de Costa Rica encabez\u00f3 la tabla de posici\u00f3n en el plano internacional tras acumular 692, mientras que Bolivia logr\u00f3 un total de 36 tantos.<\/p>\n<p>Dom\u00ednguez, de la Asociaci\u00f3n de Santiago, lider\u00f3 la rama masculina tras conseguir 800 puntos, seguido de Fausto David Huerta, del distrito, quien alcanz\u00f3 los 769, mientras que Marc Rojas, de la provincia Santo Domingo, ocup\u00f3 el tercer pelda\u00f1o con 746 tantos.<\/p>\n<p>Radham\u00e9s Tav\u00e1rez, presidente de Federaci\u00f3n Dominicana de Nataci\u00f3n (Fedona), felicit\u00f3 al distrito por su premio y agradeci\u00f3 el apoyo recibido durante el campeonato.<br \/>\nTav\u00e1rez extendi\u00f3 su agradecimiento al ministro de Deportes, quien fue la pieza angular para el \u00e9xito cosechado.<\/p>\n","protected":false},"excerpt":{"rendered":"<p>Costa Rica encabez\u00f3 la tabla de posici\u00f3n en el plano internacional, seguido de la representaci\u00f3n de Bolivia en el evento celebrado en el Complejo Acu\u00e1tico.<\/p>\n","protected":false},"author":13,"featured_media":51731,"comment_status":"closed","ping_status":"closed","sticky":false,"template":"","format":"standard","meta":[],"categories":[2],"tags":[],"acf":[],"_links":{"self":[{"href":"https:\/\/colimdo.org\/wp-api\/wp\/v2\/posts\/51730"}],"collection":[{"href":"https:\/\/colimdo.org\/wp-api\/wp\/v2\/posts"}],"about":[{"href":"https:\/\/colimdo.org\/wp-api\/wp\/v2\/types\/post"}],"author":[{"embeddable":true,"href":"https:\/\/colimdo.org\/wp-api\/wp\/v2\/users\/13"}],"replies":[{"embeddable":true,"href":"https:\/\/colimdo.org\/wp-api\/wp\/v2\/comments?post=51730"}],"version-history":[{"count":1,"href":"https:\/\/colimdo.org\/wp-api\/wp\/v2\/posts\/51730\/revisions"}],"predecessor-version":[{"id":51732,"href":"https:\/\/colimdo.org\/wp-api\/wp\/v2\/posts\/51730\/revisions\/51732"}],"wp:featuredmedia":[{"embeddable":true,"href":"https:\/\/colimdo.org\/wp-api\/wp\/v2\/media\/51731"}],"wp:attachment":[{"href":"https:\/\/colimdo.org\/wp-api\/wp\/v2\/media?parent=51730"}],"wp:term":[{"taxonomy":"category","embeddable":true,"href":"https:\/\/colimdo.org\/wp-api\/wp\/v2\/categories?post=51730"},{"taxonomy":"post_tag","embeddable":true,"href":"https:\/\/colimdo.org\/wp-api\/wp\/v2\/tags?post=51730"}],"curies":[{"name":"wp","href":"https:\/\/api.w.org\/{rel}","templated":true}]}}