{"id":51761,"date":"2019-04-16T16:23:13","date_gmt":"2019-04-16T16:23:13","guid":{"rendered":"https:\/\/colimdo.org\/?p=51761"},"modified":"2019-04-16T16:23:22","modified_gmt":"2019-04-16T16:23:22","slug":"udesa-premiara-atletas-jueces-oficiales-juegos-barranquilla","status":"publish","type":"post","link":"https:\/\/colimdo.org\/noticias\/udesa-premiara-atletas-jueces-oficiales-juegos-barranquilla\/","title":{"rendered":"Udesa premiar\u00e1 atletas, jueces y oficiales Juegos Barranquilla"},"content":{"rendered":"<p><strong>SANTIAGO.<\/strong> En el XI Premio Panch\u00f3n Tejada, infantil y juvenil,\u00a0la Uni\u00f3n Deportiva de Santiago, Inc. (UDESA), reconocer\u00e1 a los atletas, jueces y oficiales de esta provincia que participaron en\u00a0los XXIII Juegos Deportivos Centroamericanos y del Caribe\u00a0celebrados en Barranquilla, Colombia, el pasado a\u00f1o 2018.<\/p>\n<p><span style=\"font-style: inherit; font-weight: inherit;\">El se\u00f1or Severiano Rosa, presidente de la UDESA, al hacer el anuncio, dijo que en la gran gala que ser\u00e1\u00a0<\/span><span style=\"font-style: inherit; font-weight: inherit;\">realizada el martes 30 de abril en el Auditorio Don Manuel Arsenio Ure\u00f1a de la Universidad Tecnol\u00f3gica de Santiago (UTESA), esos atletas, jueces y oficiales, recibir\u00e1n un homenaje especial.<\/span><\/p>\n<p><span style=\"font-style: inherit; font-weight: inherit;\">Apunt\u00f3 que, es un reconocimiento muy merecido pues ellos colocaron a Santiago en la c\u00faspide de la fama del deporte,\u00a0aportando dos medallas de oro, una de plata y cuatro de bronce al seleccionado nacional.<\/span><\/p>\n<p><span style=\"font-style: inherit; font-weight: inherit;\">Estas fueron aportadas por V\u00edctor Estrella, oro en tenis; Katherine Rodr\u00edguez, oro en taekwando; Eduardo Lorenzo, plata en tiro al plato; Daysi Montes De Oca y Madelyn Rodr\u00edguez, bronce en taekwando; Isaac Vila, bronce en tenis de mesa y Santiago Paulino, F\u00e9lix Liriano y Albert Valerio, bronce en softbol.\u00a0 \u00a0\u00a0<\/span><\/p>\n<p><span style=\"font-style: inherit; font-weight: inherit;\">Otros atletas participantes fueron, Raymon Albino y Ram\u00f3n Marcelino, en atletismo; Larry Aracena, en Karate; Jeuris Ramos, en taekwando; Jos\u00e9 Yun\u00e9n, en tiro con arco; Aderlin Cruz, Adrian N\u00fa\u00f1ez y Rub\u00e9n Jim\u00e9mez, en ciclismo y Riqui Paulino, en voleibol.<\/span><\/p>\n<p><span style=\"font-style: inherit; font-weight: inherit;\">\u201cEs una muestra tangible, palpable, de que a pesar de las precariedades, nuestras asociaciones afiliadas trabajan en la formaci\u00f3n de una base s\u00f3lida de nuestros atletas, para entregarlos al final a quienes terminan de modelarlos para la representaci\u00f3n del pa\u00eds\u201d, dijo el se\u00f1or Rosa.\u00a0 \u00a0<\/span><\/p>\n<p><span style=\"font-style: inherit; font-weight: inherit;\">Agreg\u00f3 que, de igual manera, tuvieron una sobresaliente participaci\u00f3n los jueces y \u00e1rbitros locales, quienes fueron asignados a importantes y decisivas competiciones, estos fueron, Ana Elsa Santos, Leonardo Rodr\u00edguez y Paola Cuello; mientras que\u00a0los oficiales que acompa\u00f1aron la delegaci\u00f3n nacional fueron, Juan Santos, Rafael Balbuena, Jorge Blas D\u00edaz, Yinet Cruz y Felix Paulino.<\/span><\/p>\n<p><span style=\"font-style: inherit; font-weight: inherit;\">Record\u00f3, que tambi\u00e9n ser\u00e1n reconocidos la juez \u00e1rbitro internacional de boxeo, Carmen V\u00e9lez,\u00a0el t\u00e9cnico deportivo\u00a0Ren\u00e9 Rosario, as\u00ed como el cronista deportivo, Ruperto Ruck.<\/span><\/p>\n<p><span style=\"font-style: inherit; font-weight: inherit;\">Por otra parte, el se\u00f1or Rosa, dio a conocer que se est\u00e1n dando los \u00faltimos detalles al montaje de la premiaci\u00f3n y que ya la comisi\u00f3n evaluadora cuenta con las selecciones de los atletas de todas las asociaciones para iniciar la escogencia de los atletas m\u00e1s destacados del 2018, tanto en infantil como en juvenil, masculinos y femeninos.<\/span><\/p>\n","protected":false},"excerpt":{"rendered":"<p>La distinci\u00f3n se llevar\u00e1 a cabo en el ceremonial el XI Premio Panch\u00f3n Tejada que se celebrar\u00e1 el 30 de este mes en el Auditorio Don Manuel Arsenio Ure\u00f1a de UTESA.<\/p>\n","protected":false},"author":13,"featured_media":51763,"comment_status":"closed","ping_status":"closed","sticky":false,"template":"","format":"standard","meta":[],"categories":[2],"tags":[],"acf":[],"_links":{"self":[{"href":"https:\/\/colimdo.org\/wp-api\/wp\/v2\/posts\/51761"}],"collection":[{"href":"https:\/\/colimdo.org\/wp-api\/wp\/v2\/posts"}],"about":[{"href":"https:\/\/colimdo.org\/wp-api\/wp\/v2\/types\/post"}],"author":[{"embeddable":true,"href":"https:\/\/colimdo.org\/wp-api\/wp\/v2\/users\/13"}],"replies":[{"embeddable":true,"href":"https:\/\/colimdo.org\/wp-api\/wp\/v2\/comments?post=51761"}],"version-history":[{"count":1,"href":"https:\/\/colimdo.org\/wp-api\/wp\/v2\/posts\/51761\/revisions"}],"predecessor-version":[{"id":51764,"href":"https:\/\/colimdo.org\/wp-api\/wp\/v2\/posts\/51761\/revisions\/51764"}],"wp:featuredmedia":[{"embeddable":true,"href":"https:\/\/colimdo.org\/wp-api\/wp\/v2\/media\/51763"}],"wp:attachment":[{"href":"https:\/\/colimdo.org\/wp-api\/wp\/v2\/media?parent=51761"}],"wp:term":[{"taxonomy":"category","embeddable":true,"href":"https:\/\/colimdo.org\/wp-api\/wp\/v2\/categories?post=51761"},{"taxonomy":"post_tag","embeddable":true,"href":"https:\/\/colimdo.org\/wp-api\/wp\/v2\/tags?post=51761"}],"curies":[{"name":"wp","href":"https:\/\/api.w.org\/{rel}","templated":true}]}}