{"id":51785,"date":"2019-04-16T23:11:23","date_gmt":"2019-04-16T23:11:23","guid":{"rendered":"https:\/\/colimdo.org\/?p=51785"},"modified":"2019-04-16T23:11:43","modified_gmt":"2019-04-16T23:11:43","slug":"munoz-cabrera-vila-superan-corte-infantil-juvenil-tenis-mesa","status":"publish","type":"post","link":"https:\/\/colimdo.org\/noticias\/munoz-cabrera-vila-superan-corte-infantil-juvenil-tenis-mesa\/","title":{"rendered":"Mu\u00f1oz, Cabrera y Vila superan corte infantil y juvenil tenis de mesa"},"content":{"rendered":"<p>SANTO DOMINGO<span style=\"font-style: inherit; font-weight: inherit;\">. Los dominicanos Rafael Cabrera, Shary Mu\u00f1oz y Ram\u00f3n Vila superaron el corte de grupos en infantil individual del Campeonato Infantil y Juvenil de Tenis de Mesa del Caribe que concluye este mi\u00e9rcoles en el Pabell\u00f3n de ese deporte en el Parque del Este.<\/span><\/p>\n<p><span style=\"font-style: inherit; font-weight: inherit;\">En juvenil, tambi\u00e9n avanzaron a la fase de grupo Pedro Cabrera y Osvaldo Amonte, de Rep\u00fablica Dominicana, as\u00ed como los puertorrique\u00f1os Gabriel P\u00e9rez y Jos\u00e9 Navedo<\/span><\/p>\n<p><span style=\"font-style: inherit; font-weight: inherit;\">Rafael Cabrera derrot\u00f3 3 sets por 0 a Pablo Figueroa, de Puerto Rico, mientras que Ram\u00f3n Vila despach\u00f3 a su compatriota Yovi Mendoza con parcial de 3-0.<\/span><\/p>\n<p><span style=\"font-style: inherit; font-weight: inherit;\">En juvenil, Osvaldo Almonte elimin\u00f3 a Guenier Olivier, de Hait\u00ed, con anotaci\u00f3n de 3-1, en tanto que Pedro Cabrero hizo lo propio ante Christian Malav\u00e9 con parcial 3-1.<\/span><\/p>\n<p><span style=\"font-style: inherit; font-weight: inherit;\">Jos\u00e9 Navedo, de Puerto Rico, se impuso por 3-2 ante Derron Douglas, de Trinidad y Tobago.<\/span><\/p>\n<p><span style=\"font-style: inherit; font-weight: inherit;\">Este mi\u00e9rcoles, desde las 9:00 de la ma\u00f1ana, continuar\u00e1n los partidos de eliminaci\u00f3n directa, mientras que las semifinales y finales se jugar\u00e1n en la tarde para despu\u00e9s dar paso a la premiaci\u00f3n.<\/span><\/p>\n<p><span style=\"font-style: inherit; font-weight: inherit;\">La Rep\u00fablica Dominicana obtuvo tres medallas de oro, una de plata y cinco de bronce en las competencias de dobles ylibran una dura competencia con sus hom\u00f3logos de Puerto Rico, que sumaron tres preseas doradas, tres de plata e igual cantidad de bronce.<\/span><\/p>\n<p><span style=\"font-style: inherit; font-weight: inherit;\">En el torneo, que cuenta con el apoyo de Creso, Claro, Ministerio de Deportes, COD, Agropecuaria\u00a0Pets, Caribe Media y Yogur Hacienda, participan algo m\u00e1s de 275 atletas.<\/span><\/p>\n<p><span style=\"font-style: inherit; font-weight: inherit;\">Entre los pa\u00edses que tendr\u00e1n representaci\u00f3n figuran: Puerto Rico, Santa Luc\u00eda, Jamaica, Barbados, Guyana Francesa, Hait\u00ed, Trinidad &amp; Tobago, Guyana y Rep\u00fablica Dominicana.<\/span><\/p>\n","protected":false},"excerpt":{"rendered":"<p>El campeonato concluye este mi\u00e9rcoles con las finales en sencillos masculino y femenino, y la premiaci\u00f3n de los ganadores en las distintas categor\u00edas.<\/p>\n","protected":false},"author":13,"featured_media":51786,"comment_status":"closed","ping_status":"closed","sticky":false,"template":"","format":"standard","meta":[],"categories":[2,60],"tags":[],"acf":[],"_links":{"self":[{"href":"https:\/\/colimdo.org\/wp-api\/wp\/v2\/posts\/51785"}],"collection":[{"href":"https:\/\/colimdo.org\/wp-api\/wp\/v2\/posts"}],"about":[{"href":"https:\/\/colimdo.org\/wp-api\/wp\/v2\/types\/post"}],"author":[{"embeddable":true,"href":"https:\/\/colimdo.org\/wp-api\/wp\/v2\/users\/13"}],"replies":[{"embeddable":true,"href":"https:\/\/colimdo.org\/wp-api\/wp\/v2\/comments?post=51785"}],"version-history":[{"count":1,"href":"https:\/\/colimdo.org\/wp-api\/wp\/v2\/posts\/51785\/revisions"}],"predecessor-version":[{"id":51787,"href":"https:\/\/colimdo.org\/wp-api\/wp\/v2\/posts\/51785\/revisions\/51787"}],"wp:featuredmedia":[{"embeddable":true,"href":"https:\/\/colimdo.org\/wp-api\/wp\/v2\/media\/51786"}],"wp:attachment":[{"href":"https:\/\/colimdo.org\/wp-api\/wp\/v2\/media?parent=51785"}],"wp:term":[{"taxonomy":"category","embeddable":true,"href":"https:\/\/colimdo.org\/wp-api\/wp\/v2\/categories?post=51785"},{"taxonomy":"post_tag","embeddable":true,"href":"https:\/\/colimdo.org\/wp-api\/wp\/v2\/tags?post=51785"}],"curies":[{"name":"wp","href":"https:\/\/api.w.org\/{rel}","templated":true}]}}