{"id":51802,"date":"2019-04-17T14:50:33","date_gmt":"2019-04-17T14:50:33","guid":{"rendered":"https:\/\/colimdo.org\/?p=51802"},"modified":"2019-04-17T14:50:33","modified_gmt":"2019-04-17T14:50:33","slug":"argentina-brasil-colombia-bolivia-las-nueve-candidatas-al-mundial-2023","status":"publish","type":"post","link":"https:\/\/colimdo.org\/noticias\/argentina-brasil-colombia-bolivia-las-nueve-candidatas-al-mundial-2023\/","title":{"rendered":"Argentina, Brasil, Colombia y Bolivia entre las nueve candidatas al Mundial 2023"},"content":{"rendered":"<p class=\"canvas-atom canvas-text Mb(1.0em) Mb(0)--sm Mt(0.8em)--sm\">Madrid, 17 abr (EFE).- Las federaciones de Argentina, Brasil Colombia y Bolivia son parte de las nueve que han comunicado a la FIFA su intenci\u00f3n de organizar el Mundial femenino de 2023, una cifra r\u00e9cord en la historia de la competici\u00f3n, que este a\u00f1o se celebrar\u00e1 en Francia.<\/p>\n<p class=\"canvas-atom canvas-text Mb(1.0em) Mb(0)--sm Mt(0.8em)--sm\">Junto a \u00e9stas figuran tambi\u00e9n Australia, Jap\u00f3n, Corea -con un proyecto conjunto de las dos Coreas-, Nueva Zelanda y Sud\u00e1frica.<\/p>\n<p class=\"canvas-atom canvas-text Mb(1.0em) Mb(0)--sm Mt(0.8em)--sm\">Todas ellas dispondr\u00e1n de un plazo hasta el 4 de octubre para remitir a la FIFA la documentaci\u00f3n de su candidatura y en este tiempo tambi\u00e9n tendr\u00e1n la oportunidad de asistir a un taller de trabajo y de participar en el programa de observadores del campeonato el pr\u00f3ximo junio en Francia.<\/p>\n<p class=\"canvas-atom canvas-text Mb(1.0em) Mb(0)--sm Mt(0.8em)--sm\">La FIFA asegur\u00f3 que llevar\u00e1 a cabo &#8220;un proceso transparente de candidaturas, que incluir\u00e1 un modelo justo de evaluaci\u00f3n, as\u00ed como un compromiso concreto con la sostenibilidad y los derechos humanos&#8221;.<\/p>\n<p class=\"canvas-atom canvas-text Mb(1.0em) Mb(0)--sm Mt(0.8em)--sm\">Las visitas a los pa\u00edses candidatos se har\u00e1n entre noviembre y diciembre de este a\u00f1o y la FIFA tiene previsto hacer p\u00fablico su informe sobre cada candidatura a principios de 2020. La elecci\u00f3n del organizador se har\u00e1 en su Consejo en el primer cuarto del a\u00f1o que viene.<\/p>\n","protected":false},"excerpt":{"rendered":"<p>Junto a \u00e9stas figuran tambi\u00e9n Australia, Jap\u00f3n, Corea -con un proyecto conjunto de las dos Coreas-, Nueva Zelanda y Sud\u00e1frica.<\/p>\n","protected":false},"author":16,"featured_media":51803,"comment_status":"closed","ping_status":"closed","sticky":false,"template":"","format":"standard","meta":[],"categories":[2,60],"tags":[],"acf":[],"_links":{"self":[{"href":"https:\/\/colimdo.org\/wp-api\/wp\/v2\/posts\/51802"}],"collection":[{"href":"https:\/\/colimdo.org\/wp-api\/wp\/v2\/posts"}],"about":[{"href":"https:\/\/colimdo.org\/wp-api\/wp\/v2\/types\/post"}],"author":[{"embeddable":true,"href":"https:\/\/colimdo.org\/wp-api\/wp\/v2\/users\/16"}],"replies":[{"embeddable":true,"href":"https:\/\/colimdo.org\/wp-api\/wp\/v2\/comments?post=51802"}],"version-history":[{"count":1,"href":"https:\/\/colimdo.org\/wp-api\/wp\/v2\/posts\/51802\/revisions"}],"predecessor-version":[{"id":51804,"href":"https:\/\/colimdo.org\/wp-api\/wp\/v2\/posts\/51802\/revisions\/51804"}],"wp:featuredmedia":[{"embeddable":true,"href":"https:\/\/colimdo.org\/wp-api\/wp\/v2\/media\/51803"}],"wp:attachment":[{"href":"https:\/\/colimdo.org\/wp-api\/wp\/v2\/media?parent=51802"}],"wp:term":[{"taxonomy":"category","embeddable":true,"href":"https:\/\/colimdo.org\/wp-api\/wp\/v2\/categories?post=51802"},{"taxonomy":"post_tag","embeddable":true,"href":"https:\/\/colimdo.org\/wp-api\/wp\/v2\/tags?post=51802"}],"curies":[{"name":"wp","href":"https:\/\/api.w.org\/{rel}","templated":true}]}}