{"id":51820,"date":"2019-04-17T20:23:03","date_gmt":"2019-04-17T20:23:03","guid":{"rendered":"https:\/\/colimdo.org\/?p=51820"},"modified":"2019-04-17T20:23:32","modified_gmt":"2019-04-17T20:23:32","slug":"alex-colome-contento-cerrador-los-white-sox","status":"publish","type":"post","link":"https:\/\/colimdo.org\/noticias\/alex-colome-contento-cerrador-los-white-sox\/","title":{"rendered":"Alex Colom\u00e9 est\u00e1 contento como cerrador de los White Sox"},"content":{"rendered":"<p>CHICAGO (MLB) &#8212; Cuando se pondera qui\u00e9n ser\u00e1 el cerrador de los White Sox cuando el equipo complete su reconstrucci\u00f3n, los nombres que surgen son los de los prospectos Zack Burdi e Ian Hamilton. Tambi\u00e9n existe la posibilidad de que un abridor actual del club termine traslad\u00e1ndose al bullpen.<\/p>\n<p>Pero quiz\u00e1s el dominicano Alex Colom\u00e9 pueda quedase en ese rol por algunos a\u00f1os m\u00e1s. El diestro de 30 a\u00f1os, quien el lunes se adjudic\u00f3 su rescate n\u00famero 100 como ligamayorista, est\u00e1 bajo control contractual hasta el final del 2020 y se siente c\u00f3modo en la novena del sur de Chicago.<\/p>\n<p>No obstante, Colom\u00e9, uno de los relevistas \u00e9lite de Grandes Ligas, est\u00e1 consciente de que es posible que sea canjeado durante la temporada si los Patip\u00e1lidos se ven fuera de la contienda en la Divisi\u00f3n Central de la Liga Americana.<\/p>\n<p>\u201cEs dif\u00edcil pensar en eso\u201d, dijo Colom\u00e9. \u201cMe siento a gusto aqu\u00ed. S\u00e9 que es parte del negocio. Ojal\u00e1 podamos tener una buena temporada este a\u00f1o. Podemos empezar a ganar juegos y ser un equipo competitivo. Me gustar\u00eda quedarme aqu\u00ed\u201d.<\/p>\n<p>Si los White Sox superan las expectativas y dan la pelea en el 2019, Colom\u00e9 podr\u00eda seguir en Chicago. Y el quisqueyano no descarta que \u00e9se sea el caso.<\/p>\n<p>\u201cNo digo que v\u00e1yamos a ganar la Serie Mundial\u201d, dijo Colom\u00e9. \u201cPero creo que podemos hacer cosas buenas y ganar algunos partidos. \u00bfQui\u00e9n sabe?\u201d<\/p>\n","protected":false},"excerpt":{"rendered":"<p>El diestro de 30 a\u00f1os, quien el lunes se adjudic\u00f3 su rescate n\u00famero 100 como ligamayorista, est\u00e1 bajo control contractual hasta el final del 2020 y se siente c\u00f3modo en la novena del sur de Chicago.<\/p>\n","protected":false},"author":16,"featured_media":51821,"comment_status":"closed","ping_status":"closed","sticky":false,"template":"","format":"standard","meta":[],"categories":[2,60],"tags":[],"acf":[],"_links":{"self":[{"href":"https:\/\/colimdo.org\/wp-api\/wp\/v2\/posts\/51820"}],"collection":[{"href":"https:\/\/colimdo.org\/wp-api\/wp\/v2\/posts"}],"about":[{"href":"https:\/\/colimdo.org\/wp-api\/wp\/v2\/types\/post"}],"author":[{"embeddable":true,"href":"https:\/\/colimdo.org\/wp-api\/wp\/v2\/users\/16"}],"replies":[{"embeddable":true,"href":"https:\/\/colimdo.org\/wp-api\/wp\/v2\/comments?post=51820"}],"version-history":[{"count":2,"href":"https:\/\/colimdo.org\/wp-api\/wp\/v2\/posts\/51820\/revisions"}],"predecessor-version":[{"id":51823,"href":"https:\/\/colimdo.org\/wp-api\/wp\/v2\/posts\/51820\/revisions\/51823"}],"wp:featuredmedia":[{"embeddable":true,"href":"https:\/\/colimdo.org\/wp-api\/wp\/v2\/media\/51821"}],"wp:attachment":[{"href":"https:\/\/colimdo.org\/wp-api\/wp\/v2\/media?parent=51820"}],"wp:term":[{"taxonomy":"category","embeddable":true,"href":"https:\/\/colimdo.org\/wp-api\/wp\/v2\/categories?post=51820"},{"taxonomy":"post_tag","embeddable":true,"href":"https:\/\/colimdo.org\/wp-api\/wp\/v2\/tags?post=51820"}],"curies":[{"name":"wp","href":"https:\/\/api.w.org\/{rel}","templated":true}]}}