{"id":51824,"date":"2019-04-17T20:32:06","date_gmt":"2019-04-17T20:32:06","guid":{"rendered":"https:\/\/colimdo.org\/?p=51824"},"modified":"2019-04-17T20:32:06","modified_gmt":"2019-04-17T20:32:06","slug":"miderec-inaugura-campamentos-semana-santa-2019","status":"publish","type":"post","link":"https:\/\/colimdo.org\/noticias\/miderec-inaugura-campamentos-semana-santa-2019\/","title":{"rendered":"Miderec inaugura Campamentos Semana Santa 2019"},"content":{"rendered":"<p>SANTO DOMINGO. El Ministro de Deportes, licenciado Danilo Diaz Vizcaino, dej\u00f3 este mi\u00e9rcoles formalmente inaugurados en el Sector Las Caobas en Santo Domingo Oeste, los Campamentos Recreo Deportivo de Semana Santa 2019, donde se espera impacten a m\u00e1s de 700 mil dominicanos que disfrutaran de todos los eventos deportivos y recreativos que se montar\u00e1n en 92 lugares en las 32 provincias del pa\u00eds.<\/p>\n<p><span style=\"font-family: Verdana, sans-serif;\">Cientos de ni\u00f1os y j\u00f3venes de la comunidad, as\u00ed como atletas con discapacidad, se congregaron en el techado de Las Caobas, lleno de entusiasmo y alegr\u00eda para participar durante cinco d\u00edas de los tradicionales Campamentos de Semana Santa 2019.<\/span><\/p>\n<p>El licenciado Danilo D\u00edaz, al pronunciar el discurso central acto, declar\u00f3 que el gobierno de Danilo Medina sigue consolidando la inclusi\u00f3n a nivel nacional y el deporte no escapa a ello. &#8220;Estos Campamentos son ya una tradici\u00f3n y esperado con ansias por la toda la poblaci\u00f3n que los disfruta en familia&#8221;, a\u00f1adi\u00f3.<\/p>\n<p>Cientos de personas discapacitadas participaron en varias actividades deportivas recreativas, tales como baloncesto, f\u00fatbol y cientos de ni\u00f1os y j\u00f3venes se recrearon en piscinas colocadas en las afueras del techado de Las Caobas.<\/p>\n<p>En la actividad estaba presente el viceministro de Deportes para Todos, Soterio Ram\u00edrez, quien coordina los campamentos que ser\u00e1n montados en al menos 92 escenarios, que incluyen playas, balnearios de r\u00edos, parques y\u00a0clubes de ciudades y municipios de la geograf\u00eda nacional, donde ser\u00e1n instaladas piscinas m\u00f3viles y otros tipos de canchas.<\/p>\n<p>&#8220;Queremos el pueblo dominicano disfrute estos Campamentos de Semana Santa con prudencia y comedimiento, haciendo deporte sano y recreativo con toda su familia y que el pr\u00f3ximo lunes todos regresemos a la normalidad&#8221;, dijo Danilo D\u00edaz.<\/p>\n<p>En la actividad estaban presentes el doctor Frank Soto, director del Marcelino V\u00e9lez, las diputadas Mar\u00eda Gallard, de Santo Domingo Este y Ana Mar\u00eda Pe\u00f1a, de Santo Domingo Oeste, Agust\u00edn Matos, de Interior y Polic\u00eda, Eladio Agramonte, de Paral\u00edmpicos y el doctor Alberto D\u00edaz, de Salud P\u00fablica.\u00a0\u00a0Se esperan que ofrezca esparcimiento a una cantidad que supere las 700 personas que se estima se recrearon en 2018.<\/p>\n<p>Acto protocolar<\/p>\n<p>Las palabras de bienvenida fueron pronunciadas por el Director Provincial de Santo Domingo, Augusto Mart\u00ednez, quien llam\u00f3 a los dominicanos a disfrutar de los Campamentos Recreo Deportivos.<\/p>\n<p>Igualmente, habl\u00f3 Magino Corpor\u00e1n, titular del CONADIS, quien agradeci\u00f3 al Ministro de Deportes, Danilo D\u00edaz, por mantener viva la fe en la inclusi\u00f3n en del deporte. &#8220;Esto es ya una tradici\u00f3n&#8221;, dijo Corpor\u00e1n.<\/p>\n<p>Saque de honor<\/p>\n<p>El Ministro de Deportes, Danilo D\u00edaz, realiz\u00f3 el saque en los eventos de baloncesto y f\u00fatbol. Tambi\u00e9n comparti\u00f3 con j\u00f3venes en la piscinas m\u00f3viles.<\/p>\n<p>La inauguraci\u00f3n en Las Caobas incluy\u00f3 actividades en deporte y la recreaci\u00f3n inclusiva, en la que personas con diferentes discapacidades, intelectuales y f\u00edsicas, tengan cabida.<\/p>\n<p>Los Campamentos de Semana Santa 2019 se extender\u00e1n desde hoy jueves Santo hasta el domingo 21 al mediod\u00eda y durante el periodo incluye competencias deportivas de baloncesto, voleibol playa y de campo, f\u00fatbol playa, ajedrez, domin\u00f3; as\u00ed como competencias recreativas como lanzamientos de huevos, vitilla, la plaquita, quitbol, quita y pon con sus variantes, el t\u00fanel, traslado de filas, entre muchos otros.<\/p>\n<p><strong>Provincias y Barrios<\/strong><\/p>\n<p>En el Distrito Nacional, el Ministerio de Deportes dispondr\u00e1 escenarios en los clubes San L\u00e1zaro, Sim\u00f3n Bol\u00edvar, La Zurza, en la calle Mauricio B\u00e1ez de Villa Juana, el parque Cristo Libre de Cristo Rey y El Manguito, que dispondr\u00e1n de piscinas.<\/p>\n<p>En la provincia Santo Domingo incluye Asodifimu, Boca Chica, Parque del Este, La Barquita, Guerra, Pedro Brand, Cach\u00f3n de la\u00a0 Rubia, Villa Liberaci\u00f3n, La Victoria, Buenos Aires de Herrera, Parque de Caballona, Villa Mella, Los Mina, Los Alcarrizos (Barrio Americano), Guar\u00edcano y Los Frailes.<\/p>\n<p>En el interior incluya Juan Dolio y La Maranata, de San Pedro de Macor\u00eds; Playa Caleta y el Complejo Deportivo, en La Romana; La Altagracia, Playa Macao y La Higuera, en provincia La Altagracia (Higuey); En Playa e Miches y El Seibo, de esta \u00faltima provincia; en Playa Sabana de la Mar, de Hato Mayor; en Comate de Bayaguana, Monte Plata; en playa Palenque, Gringo de Haina y Villa Altagracia, en la provincia San Crist\u00f3bal; en Salinas, de Peravia; el balneario Las Avispas Sabana Larga, de Ocoa.<\/p>\n<p>En la provincia San Juan se instalar\u00e1 en la Plaza Arco del Triunfo y El Cercado; en Azua, en playas Monte R\u00edo, Caobita, Guayabal Padres Las Casas y De los Negros; de El\u00edas Pi\u00f1a, en B\u00e1nica; de Barahona, en Vicente Noble y playa La Casita, en Blanco; en Bahoruco, Las Mar\u00edas de Neyba; En Independencia, \u00a0Boca de Cach\u00f3n, Jiman\u00ed; en Pedernales, en Punta \u00c1guila.<\/p>\n<p>En la zona norte, en Maim\u00f3n, de Monse\u00f1or Nouel (Bonao); en la Confluencia de Jarabacoa y el Complejo Deportivo, provincia La Vega; en las \u00e1reas verdes del polideportivo de Moca, en playa Rogelio y Jamao al Norte, en Espaillat (Moca); en el balneario del R\u00edo\u00a0 Cenov\u00ed, en Hermanas Mirabal; en el balneario de Guaraguao de Arenoso y el complejo de San Francisco de Macocr\u00eds, en Duarte; playa de la entrada de Cabrera, de Mar\u00eda Trinidad S\u00e1nchez (Nagua); en playa Las Garitas, de Saman\u00e1; en balneario R\u00edo Yuna, S\u00e1nchez Ram\u00edrez (Cotu\u00ed).<\/p>\n<p>Santiago tendr\u00e1 escenarios en La Barranquita, R\u00edo Bao de J\u00e1nico y en el Parque Ecol\u00f3gico, antiguo aeropuerto; en Puerto Plata, playas Sos\u00faa, Long Beach\u00a0 y Cabarete; en Valverde, en balneario Brisas de Mao; En Montecristi, playa del mismo nombre; parque central, en Santiago Rodr\u00edguez, y parque central, en\u00a0 Dajab\u00f3n.<\/p>\n","protected":false},"excerpt":{"rendered":"<p>Cientos de ni\u00f1os y j\u00f3venes de la comunidad, as\u00ed como atletas con discapacidad, se congregaron en el techado de Las Caobas, lleno de entusiasmo y alegr\u00eda para participar durante cinco d\u00edas de los tradicionales Campamentos de Semana Santa 2019.<\/p>\n","protected":false},"author":16,"featured_media":51825,"comment_status":"closed","ping_status":"closed","sticky":false,"template":"","format":"standard","meta":[],"categories":[2,60],"tags":[],"acf":[],"_links":{"self":[{"href":"https:\/\/colimdo.org\/wp-api\/wp\/v2\/posts\/51824"}],"collection":[{"href":"https:\/\/colimdo.org\/wp-api\/wp\/v2\/posts"}],"about":[{"href":"https:\/\/colimdo.org\/wp-api\/wp\/v2\/types\/post"}],"author":[{"embeddable":true,"href":"https:\/\/colimdo.org\/wp-api\/wp\/v2\/users\/16"}],"replies":[{"embeddable":true,"href":"https:\/\/colimdo.org\/wp-api\/wp\/v2\/comments?post=51824"}],"version-history":[{"count":1,"href":"https:\/\/colimdo.org\/wp-api\/wp\/v2\/posts\/51824\/revisions"}],"predecessor-version":[{"id":51826,"href":"https:\/\/colimdo.org\/wp-api\/wp\/v2\/posts\/51824\/revisions\/51826"}],"wp:featuredmedia":[{"embeddable":true,"href":"https:\/\/colimdo.org\/wp-api\/wp\/v2\/media\/51825"}],"wp:attachment":[{"href":"https:\/\/colimdo.org\/wp-api\/wp\/v2\/media?parent=51824"}],"wp:term":[{"taxonomy":"category","embeddable":true,"href":"https:\/\/colimdo.org\/wp-api\/wp\/v2\/categories?post=51824"},{"taxonomy":"post_tag","embeddable":true,"href":"https:\/\/colimdo.org\/wp-api\/wp\/v2\/tags?post=51824"}],"curies":[{"name":"wp","href":"https:\/\/api.w.org\/{rel}","templated":true}]}}