{"id":51848,"date":"2019-04-18T14:31:50","date_gmt":"2019-04-18T14:31:50","guid":{"rendered":"https:\/\/colimdo.org\/?p=51848"},"modified":"2019-04-18T14:31:50","modified_gmt":"2019-04-18T14:31:50","slug":"rd-buscara-conquistar-centrobasket-sub-17-puerto-rico","status":"publish","type":"post","link":"https:\/\/colimdo.org\/noticias\/rd-buscara-conquistar-centrobasket-sub-17-puerto-rico\/","title":{"rendered":"RD buscar\u00e1 conquistar Centrobasket Sub-17 en Puerto Rico"},"content":{"rendered":"<p><strong>Santo Domingo<\/strong>\u00a0\u2013 La Federaci\u00f3n Internacional de Baloncesto Asociado (FIBA), anuncia que el Coliseo Roberto Clemente es sede del\u00a0<em>Centrobasket Sub-17<\/em>\u00a0femenino y masculino, con la participaci\u00f3n de ocho selecciones en ambas ramas.<\/p>\n<p>La Rep\u00fablica Dominicana, Bahamas, El Salvador, M\u00e9xico y Puerto Rico por su condici\u00f3n de pa\u00eds sede, estar\u00e1n participando en ambos eventos, clasificatorio al Pre-Mundial Sub-18 del 2020.<\/p>\n<p><em>Centrobasket Sub-17 Femenino<\/em><\/p>\n<p>El torneo femenino se jugar\u00e1 del 7 al 11 de julio, con la participaci\u00f3n de M\u00e9xico en su condici\u00f3n de campeona de la edici\u00f3n 2017, Puerto Rico como sede, quien adem\u00e1s fue finalista en la versi\u00f3n pasada; tambi\u00e9n ver\u00e1n acci\u00f3n las selecciones de Bahamas, Barbados, Costa Rica, El Salvador, Guatemala y Rep\u00fablica Dominicana.<\/p>\n<p>Esta ser\u00e1 la tercera ocasi\u00f3n que la Rep\u00fablica Dominicana participe en este torneo,\u00a0<a href=\"http:\/\/archive.fiba.com\/pages\/eng\/fa\/p\/lid_38138_cp\/3\/tid\/274\/teams.html\">de acuerdo a los archivos de\u00a0FIBA<\/a>, siendo en el 2013 su m\u00e1s reciente partipaci\u00f3n, y en el 2011 jug\u00f3 por primera vez.<\/p>\n<p>En su debut, en\u00a0<a href=\"http:\/\/archive.fiba.com\/pages\/eng\/fa\/team\/p\/sid\/8442\/tid\/274\/_\/2011_Centrobasket_U17_Championship_for_Women\/index.html\">2011<\/a>, el cual se jug\u00f3 en Gurabo, Puerto Rico, la selecci\u00f3n femenil qued\u00f3 con la medalla de bronce, mientras en el\u00a0<a href=\"http:\/\/archive.fiba.com\/pages\/eng\/fa\/team\/p\/sid\/9672\/tid\/274\/_\/2013_Centrobasket_U17_Championship_for_Women\/index.html\">2013<\/a>\u00a0que se efectu\u00f3 en San Salvador, El Salvador, las chicas ocuparon el cuarto puesto.<\/p>\n<p><em>Centrobasket Sub-17 masculino<\/em><\/p>\n<p>La versi\u00f3n masculina se estar\u00e1 efectuando del 24 al 28 de julio, donde la Rep\u00fablica Dominicana ir\u00e1 a defender el t\u00edtulo que logr\u00f3 en el 2017 en suelo quisqueyano, precisamente ante Puerto Rico.<\/p>\n<p>Adem\u00e1s de los finalistas de la versi\u00f3n pasada, tambi\u00e9n participar\u00e1n en esta oportunidad, Bahamas, El Salvador, Jamaica, M\u00e9xico, Panam\u00e1 e Islas V\u00edrgenes estadounidenses.<\/p>\n<p>Para los chicos ser\u00e1 su sexta participaci\u00f3n en este tipo de eventos,\u00a0de acuerdo a los archivos de\u00a0FIBA, siendo el actual campe\u00f3n logrado en\u00a02017\u00a0efectuado en el pa\u00eds, y tambi\u00e9n alzando el trofeo en\u00a02013\u00a0en Caguas, Puerto Rico.<\/p>\n<p>Adem\u00e1s, el equipo nacional varonil ha estado en el podio en\u00a02015\u00a0y\u00a02007, ocupando el tercer puesto en ambos torneo. En la versi\u00f3n del\u00a02011, Rep\u00fablica Dominicana ocup\u00f3 el quinto lugar.<\/p>\n<p><em>Clasificatorio al Pre-Mundial Sub-18<\/em><\/p>\n<p>En ambas ramas, las mejores tres selecciones al finalizar el torneo, clasificar\u00e1n al Pre-Mundial Sub-18 de 2020, en sede por definir m\u00e1s adelante.<\/p>\n","protected":false},"excerpt":{"rendered":"<p>La Rep\u00fablica Dominicana estar\u00e1 buscando, en ambas ramas, uno de los tres lugares clasificatorios al Pre-Mundial Sub-18 del a\u00f1o pr\u00f3ximo en una competencia de cinco d\u00edas.<\/p>\n","protected":false},"author":16,"featured_media":51849,"comment_status":"closed","ping_status":"closed","sticky":false,"template":"","format":"standard","meta":[],"categories":[2,60],"tags":[],"acf":[],"_links":{"self":[{"href":"https:\/\/colimdo.org\/wp-api\/wp\/v2\/posts\/51848"}],"collection":[{"href":"https:\/\/colimdo.org\/wp-api\/wp\/v2\/posts"}],"about":[{"href":"https:\/\/colimdo.org\/wp-api\/wp\/v2\/types\/post"}],"author":[{"embeddable":true,"href":"https:\/\/colimdo.org\/wp-api\/wp\/v2\/users\/16"}],"replies":[{"embeddable":true,"href":"https:\/\/colimdo.org\/wp-api\/wp\/v2\/comments?post=51848"}],"version-history":[{"count":1,"href":"https:\/\/colimdo.org\/wp-api\/wp\/v2\/posts\/51848\/revisions"}],"predecessor-version":[{"id":51850,"href":"https:\/\/colimdo.org\/wp-api\/wp\/v2\/posts\/51848\/revisions\/51850"}],"wp:featuredmedia":[{"embeddable":true,"href":"https:\/\/colimdo.org\/wp-api\/wp\/v2\/media\/51849"}],"wp:attachment":[{"href":"https:\/\/colimdo.org\/wp-api\/wp\/v2\/media?parent=51848"}],"wp:term":[{"taxonomy":"category","embeddable":true,"href":"https:\/\/colimdo.org\/wp-api\/wp\/v2\/categories?post=51848"},{"taxonomy":"post_tag","embeddable":true,"href":"https:\/\/colimdo.org\/wp-api\/wp\/v2\/tags?post=51848"}],"curies":[{"name":"wp","href":"https:\/\/api.w.org\/{rel}","templated":true}]}}