{"id":51863,"date":"2019-04-18T22:58:40","date_gmt":"2019-04-18T22:58:40","guid":{"rendered":"https:\/\/colimdo.org\/?p=51863"},"modified":"2019-04-18T22:58:48","modified_gmt":"2019-04-18T22:58:48","slug":"lima-2019-lanzo-cancion-oficial-los-juegos-panamericanos-parapanamericanos","status":"publish","type":"post","link":"https:\/\/colimdo.org\/noticias\/lima-2019-lanzo-cancion-oficial-los-juegos-panamericanos-parapanamericanos\/","title":{"rendered":"Lima 2019 lanz\u00f3 canci\u00f3n oficial de los Juegos Panamericanos y Parapanamericanos"},"content":{"rendered":"<p>En medio de una gran expectativa se lanz\u00f3 la canci\u00f3n oficial de los\u00a0Juegos Panamericanos y Parapanamericanos Lima 2019\u00a0a 100 d\u00edas de la inauguraci\u00f3n del evento multideportivo m\u00e1s importante del continente.<\/p>\n<p>En un show en vivo en Domos Art de San Miguel,\u00a0Pedro Su\u00e0rez-V\u00e8rtiz\u00a0La Banda interpret\u00f3 la canci\u00f3n compuesta y producida por el rockero nacional, llamada Jugamos Todos.<\/p>\n<p>Al respecto, el presidente de la Comisi\u00f3n Organizadora de los Juegos,\u00a0Carlos Neuhaus, destac\u00f3 la trayectoria de Su\u00e1rez-V\u00e9rtiz.<\/p>\n<p>\u201cEs un gran honor que Pedro Su\u00e1rez Vertiz haya hecho la canci\u00f3n de los Panamericanos, es un homenaje para \u00e9l, para su trayectoria de vida para que lo escuchen en todas las Am\u00e9ricas\u201d, declar\u00f3 Neuhaus.<\/p>\n<p>Cabe indicar, que en la canci\u00f3n de los Juegos se utilizan instrumentos t\u00edpicos como el caj\u00f3n peruano y vientos andinos como la zampo\u00f1a.<\/p>\n<p>Los Juegos Panamericanos empezar\u00e1n el 26 de julio en una ceremonia que se llevar\u00e1 a cabo en el Estadio Nacional.<\/p>\n","protected":false},"excerpt":{"rendered":"<p>Con un vistoso show se hizo el lanzamiento a 100 d\u00edas de la inauguraci\u00f3n del evento multideportivo m\u00e1s importante del continente.<\/p>\n","protected":false},"author":13,"featured_media":51864,"comment_status":"closed","ping_status":"closed","sticky":false,"template":"","format":"standard","meta":[],"categories":[2],"tags":[],"acf":[],"_links":{"self":[{"href":"https:\/\/colimdo.org\/wp-api\/wp\/v2\/posts\/51863"}],"collection":[{"href":"https:\/\/colimdo.org\/wp-api\/wp\/v2\/posts"}],"about":[{"href":"https:\/\/colimdo.org\/wp-api\/wp\/v2\/types\/post"}],"author":[{"embeddable":true,"href":"https:\/\/colimdo.org\/wp-api\/wp\/v2\/users\/13"}],"replies":[{"embeddable":true,"href":"https:\/\/colimdo.org\/wp-api\/wp\/v2\/comments?post=51863"}],"version-history":[{"count":1,"href":"https:\/\/colimdo.org\/wp-api\/wp\/v2\/posts\/51863\/revisions"}],"predecessor-version":[{"id":51865,"href":"https:\/\/colimdo.org\/wp-api\/wp\/v2\/posts\/51863\/revisions\/51865"}],"wp:featuredmedia":[{"embeddable":true,"href":"https:\/\/colimdo.org\/wp-api\/wp\/v2\/media\/51864"}],"wp:attachment":[{"href":"https:\/\/colimdo.org\/wp-api\/wp\/v2\/media?parent=51863"}],"wp:term":[{"taxonomy":"category","embeddable":true,"href":"https:\/\/colimdo.org\/wp-api\/wp\/v2\/categories?post=51863"},{"taxonomy":"post_tag","embeddable":true,"href":"https:\/\/colimdo.org\/wp-api\/wp\/v2\/tags?post=51863"}],"curies":[{"name":"wp","href":"https:\/\/api.w.org\/{rel}","templated":true}]}}