{"id":51871,"date":"2019-04-19T14:10:34","date_gmt":"2019-04-19T14:10:34","guid":{"rendered":"https:\/\/colimdo.org\/?p=51871"},"modified":"2019-04-19T14:10:34","modified_gmt":"2019-04-19T14:10:34","slug":"se-acerca-la-llegada-vladimir-jr-toronto","status":"publish","type":"post","link":"https:\/\/colimdo.org\/noticias\/se-acerca-la-llegada-vladimir-jr-toronto\/","title":{"rendered":"\u00bfSe acerca la llegada de Vladimir Jr a Toronto?"},"content":{"rendered":"<p>MINNEAPOLIS \u2013 Los fan\u00e1ticos de los Azulejos tendr\u00e1n que esperar al menos unos d\u00edas m\u00e1s para ver al dominicano Vladimir Guerrero Jr. hacer su debut en las Grandes Ligas.<\/p>\n<p>Los seguidores de Toronto han estado esperando con ansias el inminente arribo de Guerrero. Se especul\u00f3 por alg\u00fan momento que eso podr\u00eda ocurrir el fin de semana en Oakland, pero tal cosa qued\u00f3 descartada, as\u00ed que lo m\u00e1s temprano que ser\u00eda llamado es durante la pr\u00f3xima estad\u00eda del club en casa.<\/p>\n<p>Triple-A Buffalo anunci\u00f3 la tarde del jueves que Guerrero ofrecer\u00e1 una rueda de prensa en Buffalo el viernes a las 2 p.m. ET. Una fuente le confirm\u00f3 a MLB.com que el fornido prospecto no har\u00e1 su estreno en las Mayores en Oakland. La fecha exacta del debut no se conoce, pero no ser\u00e1 este fin de semana contra los Atl\u00e9ticos.<\/p>\n<p>\u201cCuando Bobby Meacham y Gil Kim digan que est\u00e1 listo, aqu\u00ed estar\u00e1\u201d, dijo el puertorrique\u00f1o Charlie Montoyo, manager de los Azulejos, tras la victoria del jueves 7-4 sobre Minnesota. \u201cPero no s\u00e9 cu\u00e1ndo ser\u00e1 eso. Podr\u00eda ser cualquier d\u00eda de estos. Podr\u00eda ser dentro de un mes\u201d.<\/p>\n<p>Guerrero ha jugado en cinco juegos para Buffalo esta temporada y est\u00e1 bateando .412\/.500\/.824 con dos jonrones y seis carreras empujadas. Su jonr\u00f3n la noche del mi\u00e9rcoles viaj\u00f3 un estimado de 441 pies y cay\u00f3 en el estacionamiento detr\u00e1s de la grada del jard\u00edn izquierdo en Pawtucket.<\/p>\n","protected":false},"excerpt":{"rendered":"<p>Triple-A Buffalo anunci\u00f3 la tarde del jueves que Guerrero ofrecer\u00e1 una rueda de prensa en Buffalo el viernes a las 2 p.m. ET. Una fuente le confirm\u00f3 a MLB.com que el fornido prospecto no har\u00e1 su estreno en las Mayores en Oakland. La fecha exacta del debut no se conoce, pero no ser\u00e1 este fin de semana contra los Atl\u00e9ticos.<\/p>\n","protected":false},"author":16,"featured_media":51872,"comment_status":"closed","ping_status":"closed","sticky":false,"template":"","format":"standard","meta":[],"categories":[2,60],"tags":[],"acf":[],"_links":{"self":[{"href":"https:\/\/colimdo.org\/wp-api\/wp\/v2\/posts\/51871"}],"collection":[{"href":"https:\/\/colimdo.org\/wp-api\/wp\/v2\/posts"}],"about":[{"href":"https:\/\/colimdo.org\/wp-api\/wp\/v2\/types\/post"}],"author":[{"embeddable":true,"href":"https:\/\/colimdo.org\/wp-api\/wp\/v2\/users\/16"}],"replies":[{"embeddable":true,"href":"https:\/\/colimdo.org\/wp-api\/wp\/v2\/comments?post=51871"}],"version-history":[{"count":1,"href":"https:\/\/colimdo.org\/wp-api\/wp\/v2\/posts\/51871\/revisions"}],"predecessor-version":[{"id":51873,"href":"https:\/\/colimdo.org\/wp-api\/wp\/v2\/posts\/51871\/revisions\/51873"}],"wp:featuredmedia":[{"embeddable":true,"href":"https:\/\/colimdo.org\/wp-api\/wp\/v2\/media\/51872"}],"wp:attachment":[{"href":"https:\/\/colimdo.org\/wp-api\/wp\/v2\/media?parent=51871"}],"wp:term":[{"taxonomy":"category","embeddable":true,"href":"https:\/\/colimdo.org\/wp-api\/wp\/v2\/categories?post=51871"},{"taxonomy":"post_tag","embeddable":true,"href":"https:\/\/colimdo.org\/wp-api\/wp\/v2\/tags?post=51871"}],"curies":[{"name":"wp","href":"https:\/\/api.w.org\/{rel}","templated":true}]}}