{"id":51898,"date":"2019-04-20T19:37:53","date_gmt":"2019-04-20T19:37:53","guid":{"rendered":"https:\/\/colimdo.org\/?p=51898"},"modified":"2019-04-20T19:37:53","modified_gmt":"2019-04-20T19:37:53","slug":"fallece-lanzador-braulio-lara-accidente-transito","status":"publish","type":"post","link":"https:\/\/colimdo.org\/noticias\/fallece-lanzador-braulio-lara-accidente-transito\/","title":{"rendered":"Fallece lanzador Braulio Lara en accidente de tr\u00e1nsito"},"content":{"rendered":"<p>En un triple choque ocurrido esta madrugada en la carretera S\u00e1nchez en Ban\u00ed, fallecieron el pelotero profesional Braulio Armando Lara Peguero y otra persona, mientras que otros cuatro resultaron heridos.<\/p>\n<p>Lara Peguero de 30 a\u00f1os y nativo del municipio de Sabana Larga, en San Jos\u00e9 de Ocoa, se desplazaba en un\u00a0 Camaro, color blanco del 2015, desde Ocoa a Santo Domingo, impactando con la parte trasera de una patana que estaba averiada a orilla de la carretera S\u00e1nchez, en el tramo conocido como Gali\u00f3n en Ban\u00ed.<\/p>\n<p>Otro veh\u00edculo, un \u00a0Ford Mustang 2016 que iba detr\u00e1s del camaro del pelotero de los Tigres del Licey, impact\u00f3 con \u00e9ste y muri\u00f3 uno de sus ocupantes identificado como Brayan Alberto de Le\u00f3n Mer\u00e1n, de 22 a\u00f1os de edad.<\/p>\n<p>Los heridos son Luis Xavier Lara Lluberes, de 23 a\u00f1os; Robin Lara, de 24; \u00a0Fabricio Sanz, \u00a0de 32 y la joven Karoimis Reyes Tineo de 19 a\u00f1os. Todos residentes en en la provincia de Ocoa.<\/p>\n<p>Lara Peguero hab\u00eda jugado con varios equipos de grandes ligas y en el pa\u00eds con Los Tigres del Licey y los Toros del Este.<\/p>\n<p><strong>LIST\u00cdN DIARIO<\/strong><\/p>\n","protected":false},"excerpt":{"rendered":"<p>En un triple choque ocurrido esta madrugada en la carretera S\u00e1nchez en Ban\u00ed, fallecieron el pelotero profesional Braulio Armando Lara Peguero y otra persona, mientras que otros cuatro resultaron heridos. Lara Peguero de 30 a\u00f1os y nativo del municipio de Sabana Larga, en San Jos\u00e9 de Ocoa, se desplazaba en un\u00a0 Camaro, color blanco del [&hellip;]<\/p>\n","protected":false},"author":9,"featured_media":51899,"comment_status":"closed","ping_status":"closed","sticky":false,"template":"","format":"standard","meta":[],"categories":[2,60],"tags":[],"acf":[],"_links":{"self":[{"href":"https:\/\/colimdo.org\/wp-api\/wp\/v2\/posts\/51898"}],"collection":[{"href":"https:\/\/colimdo.org\/wp-api\/wp\/v2\/posts"}],"about":[{"href":"https:\/\/colimdo.org\/wp-api\/wp\/v2\/types\/post"}],"author":[{"embeddable":true,"href":"https:\/\/colimdo.org\/wp-api\/wp\/v2\/users\/9"}],"replies":[{"embeddable":true,"href":"https:\/\/colimdo.org\/wp-api\/wp\/v2\/comments?post=51898"}],"version-history":[{"count":1,"href":"https:\/\/colimdo.org\/wp-api\/wp\/v2\/posts\/51898\/revisions"}],"predecessor-version":[{"id":51900,"href":"https:\/\/colimdo.org\/wp-api\/wp\/v2\/posts\/51898\/revisions\/51900"}],"wp:featuredmedia":[{"embeddable":true,"href":"https:\/\/colimdo.org\/wp-api\/wp\/v2\/media\/51899"}],"wp:attachment":[{"href":"https:\/\/colimdo.org\/wp-api\/wp\/v2\/media?parent=51898"}],"wp:term":[{"taxonomy":"category","embeddable":true,"href":"https:\/\/colimdo.org\/wp-api\/wp\/v2\/categories?post=51898"},{"taxonomy":"post_tag","embeddable":true,"href":"https:\/\/colimdo.org\/wp-api\/wp\/v2\/tags?post=51898"}],"curies":[{"name":"wp","href":"https:\/\/api.w.org\/{rel}","templated":true}]}}