{"id":51933,"date":"2019-04-21T16:55:28","date_gmt":"2019-04-21T16:55:28","guid":{"rendered":"https:\/\/colimdo.org\/?p=51933"},"modified":"2019-04-21T16:55:28","modified_gmt":"2019-04-21T16:55:28","slug":"pesistas-rd-listos-campeonato-panamericano-superior-guatemala","status":"publish","type":"post","link":"https:\/\/colimdo.org\/noticias\/pesistas-rd-listos-campeonato-panamericano-superior-guatemala\/","title":{"rendered":"Pesistas RD listos para Campeonato Panamericano Superior Guatemala"},"content":{"rendered":"<p style=\"font-weight: 400;\"><strong>CUIDAD DE GUATEMALA, Guatemala<\/strong>. Un total de 19 atletas dominicanos aterrizaron hoy domingo en esta capital para defender los honores de su pa\u00eds en el XXVIII Campeonato Panamericano de Mayores que se inaugurar\u00e1 ma\u00f1ana lunes y se prolongar\u00e1 hasta el 28 de este mes.<\/p>\n<p style=\"font-weight: 400;\">La delegaci\u00f3n de deportistas dominicanos la integran desde atletas ol\u00edmpicos, hasta medallistas mundialistas, en Juegos Panamericanos y en Juegos Deportivos, Centroamericanos y del Caribe.<\/p>\n<p style=\"font-weight: 400;\">Con Yudelkis Contreras, Beatriz Pir\u00f3n y Crismery Santana como punta de lanza de una selecci\u00f3n que combina experiencia y juventud en sus dos ramas, los dominicanos llegaron confiados en que repetir\u00e1n una actuaci\u00f3n igual o superior a que han conseguido en los \u00faltimos a\u00f1os, al decir del entrenador en jefe, H\u00e9ctor Dom\u00ednguez.<\/p>\n<p style=\"font-weight: 400;\">\u00a0\u201cLos chicos vienen con mucha ilusi\u00f3n y gran determinaci\u00f3n de estar en lo m\u00e1s alto del p\u00f3dium en sus respectivas divisiones. Contamos con pesistas muy experimentados en todo tipo de competencias internacionales y con j\u00f3venes debutantes que est\u00e1n subiendo con mucho \u00edmpetu\u201d, precis\u00f3 Dom\u00ednguez, quien coordina el cuerpo t\u00e9cnico junto con Moreno Mart\u00ednez y el veterano entrenador bielorruso Liavonsti Hancharenka.<\/p>\n<p style=\"font-weight: 400;\">Mientras que el jefe m\u00e1ximo de la delegaci\u00f3n y presidente de la Federaci\u00f3n de Levantamiento de Pesas de su pa\u00eds, William Ozuna, manifest\u00f3 que los atletas llegan preparados f\u00edsica, t\u00e9cnica y mentalmente para tener una buena participaci\u00f3n.<\/p>\n<p style=\"font-weight: 400;\">\u201cLos entrenadores han hecho un gran trabajo durante los entrenamientos y los pesistas han tenido una entrega total en el proceso de preparaci\u00f3n, conscientes del compromiso que tenemos como pa\u00eds y que tienen ellos de manera individual porque anhelan conseguir no s\u00f3lo ganar medalla, sino la clasificaci\u00f3n hacia los Juegos Ol\u00edmpicos de Tokio 2020\u201d, explic\u00f3 Ozuna.<\/p>\n<p style=\"font-weight: 400;\">Record\u00f3 que su deporte trabaja para conseguir al menos seis boletos para las Olimp\u00edadas de Tokio y actualmente tres de los pesistas, Santana, Pir\u00f3n y Garc\u00eda, est\u00e1n dentro de la clasificaci\u00f3n.<\/p>\n<p style=\"font-weight: 400;\"><strong>Los atletas<\/strong><\/p>\n<p style=\"font-weight: 400;\">Adem\u00e1s de Santana, Contreras y Pir\u00f3n, medallistas de plata y bronce en Mundiales de Pesas y Copas del Mundo, as\u00ed como campeonas en Juegos Panamericanos y Centroamericanos, la escuadra de mujeres la completan las veteranas Ver\u00f3nica Salad\u00edn, Yineisy Paola Reyes, as\u00ed como las n\u00f3veles Santa Dolorita Cotes, Nathalia Novas, Dahiana Avelino y Diana Serrano.<\/p>\n<p style=\"font-weight: 400;\">Pir\u00f3n y Cotes subir\u00e1n a la plataforma en la divisi\u00f3n de los 49 kilogramos, Reyes y Serrano lo har\u00e1n en 64, Contreras y Novas, en 59; Avelino pertenece a 76, Santana lo har\u00e1 en los 87 y Salad\u00edn en m\u00e1s de 87 kgs.<\/p>\n<p style=\"font-weight: 400;\">Salad\u00edn es otra medallista en Panamericanos, Centroamericanos y campeona a nivel de campeonatos continentales como el que inicia hoy en esta naci\u00f3n de Centroam\u00e9rica.<\/p>\n<p style=\"font-weight: 400;\"><strong>Garc\u00eda lidera su rama<\/strong><\/p>\n<p style=\"font-weight: 400;\">No menos potencial exhibe Rep\u00fablica Dominicana en la rama masculina, donde sobresale Luis Garc\u00eda, un campe\u00f3n en Juegos Panamericanos, Centroamericanos y en Campeonatos Continentales.<\/p>\n<p style=\"font-weight: 400;\">El atleta de 24 a\u00f1os de edad compite en los 61 kilogramos y es junto a Zacar\u00edas Bonnat (81 kgs), los m\u00e1s experimentados en la escuadra varonil y los m\u00e1s s\u00f3lidos candidatos a coronarse campeones en sus respectivas divisiones.<\/p>\n<p style=\"font-weight: 400;\">El peso pesado Juan Luis Campos (109 kilogramos), el s\u00faper pesado Luis Coca (+109 kgs), Julio C\u00e9sar Cede\u00f1o y Jean Carlos Rosario, ambos competidores en los 73 kilogramos, tambi\u00e9n son opciones reales para subir al p\u00f3dium.<\/p>\n<p style=\"font-weight: 400;\">Leandro Recio y Jhon Pir\u00f3n Candelario buscar\u00e1n sus primeras medallas de oro en un campeonato continental superior cuando suban a la tarina en 73 kilogramos, lo mismo que Jherson Mer\u00e1n en la s\u00faper pesada y Ray C. Reyes en los 81 kgs.<\/p>\n<p style=\"font-weight: 400;\">La delegaci\u00f3n de Quisqueya la completan Rosanna Vargas, m\u00e9dico; las juezas\u00a0 Faustina Rond\u00f3n, Maritza Ortiz, los delegados t\u00e9cnicos Porfirio Veras Mercedes y Luigino Matos.<\/p>\n<p style=\"font-weight: 400;\"><strong>Tercer evento oro<\/strong><\/p>\n<p style=\"font-weight: 400;\">Ozuna, quien tambi\u00e9n preside la Federaci\u00f3n Panamericana de Halterofilia, record\u00f3 que el Continental que arranca este lunes es un campeonato Nivel Oro y que ser\u00e1 el tercero de las cinto etapas clasificatorias para los Juegos Ol\u00edmpicos.<\/p>\n<p style=\"font-weight: 400;\">El dirigente sostuvo que, despu\u00e9s de este evento, restar\u00e1n dos cert\u00e1menes tambi\u00e9n del Nivel Oro, como el de los Campeonatos del Mundo que se celebrar\u00e1n a finales de a\u00f1o, y el Panamericano del 2019, sin sede asignada, pero que podr\u00eda celebrarse en Santo Domingo, la capital de Rep\u00fablica Dominicana.<\/p>\n","protected":false},"excerpt":{"rendered":"<p>CUIDAD DE GUATEMALA, Guatemala. Un total de 19 atletas dominicanos aterrizaron hoy domingo en esta capital para defender los honores de su pa\u00eds en el XXVIII Campeonato Panamericano de Mayores que se inaugurar\u00e1 ma\u00f1ana lunes y se prolongar\u00e1 hasta el 28 de este mes. La delegaci\u00f3n de deportistas dominicanos la integran desde atletas ol\u00edmpicos, hasta [&hellip;]<\/p>\n","protected":false},"author":9,"featured_media":51934,"comment_status":"closed","ping_status":"closed","sticky":false,"template":"","format":"standard","meta":[],"categories":[3,2,60],"tags":[],"acf":[],"_links":{"self":[{"href":"https:\/\/colimdo.org\/wp-api\/wp\/v2\/posts\/51933"}],"collection":[{"href":"https:\/\/colimdo.org\/wp-api\/wp\/v2\/posts"}],"about":[{"href":"https:\/\/colimdo.org\/wp-api\/wp\/v2\/types\/post"}],"author":[{"embeddable":true,"href":"https:\/\/colimdo.org\/wp-api\/wp\/v2\/users\/9"}],"replies":[{"embeddable":true,"href":"https:\/\/colimdo.org\/wp-api\/wp\/v2\/comments?post=51933"}],"version-history":[{"count":1,"href":"https:\/\/colimdo.org\/wp-api\/wp\/v2\/posts\/51933\/revisions"}],"predecessor-version":[{"id":51935,"href":"https:\/\/colimdo.org\/wp-api\/wp\/v2\/posts\/51933\/revisions\/51935"}],"wp:featuredmedia":[{"embeddable":true,"href":"https:\/\/colimdo.org\/wp-api\/wp\/v2\/media\/51934"}],"wp:attachment":[{"href":"https:\/\/colimdo.org\/wp-api\/wp\/v2\/media?parent=51933"}],"wp:term":[{"taxonomy":"category","embeddable":true,"href":"https:\/\/colimdo.org\/wp-api\/wp\/v2\/categories?post=51933"},{"taxonomy":"post_tag","embeddable":true,"href":"https:\/\/colimdo.org\/wp-api\/wp\/v2\/tags?post=51933"}],"curies":[{"name":"wp","href":"https:\/\/api.w.org\/{rel}","templated":true}]}}