{"id":51942,"date":"2019-04-21T21:23:16","date_gmt":"2019-04-21T21:23:16","guid":{"rendered":"https:\/\/colimdo.org\/?p=51942"},"modified":"2019-04-21T21:23:16","modified_gmt":"2019-04-21T21:23:16","slug":"rd-guatemala-apertura-copa-panam-voleibol","status":"publish","type":"post","link":"https:\/\/colimdo.org\/noticias\/rd-guatemala-apertura-copa-panam-voleibol\/","title":{"rendered":"RD y Guatemala en apertura Copa Panam Voleibol"},"content":{"rendered":"<p>Los sextetos de Guatemala y la Republica Dominicana tendr\u00e1n a su cargo el partido inaugural este mi\u00e9rcoles 24 de la Copa Panamericana de Voleibol Masculino Sub-19 que se celebrara hasta el pr\u00f3ximo d\u00eda 29 en el Palacio de Voleibol \u201cRicardo- Gioriver- Arias, a las siete de la noche.<\/p>\n<p>La informaci\u00f3n la dio a conocer ayer el profesor Nelson Ram\u00edrez, quien funge como director general del Comit\u00e9 Organizador de la Copa que preside el doctor Milton Ray Guevara<\/p>\n<p>Asimismo, Ram\u00edrez indico que una reuni\u00f3n del Comit\u00e9\u00a0\u00a0Organizador, el licenciado Crist\u00f3bal Marte Hoffiz informo que el Ministro de Deportes, licenciado Danilo D\u00edaz Vizca\u00edno se comprometi\u00f3 a cubrir los costos alojamiento y alimentaci\u00f3n para los equipos, el acondicionamiento de las Instalaci\u00f3n es de juegos , entrenamientos el aire acondicionado.<\/p>\n<p>Sostuvo que los atletas de los diferentes pa\u00edses que competir\u00e1n en la Copa Panam Sub 19 Masculino estar\u00e1n alojados en el Albergue Ol\u00edmpico, ubicado en el Ensanche\u00a0\u00a0La Fe, donde gozaran de todas las facilidades que ofrece esa instalaci\u00f3n.<\/p>\n<p>\u201cEl transporte estar\u00e1 a cargo de\u00a0\u00a0la OMSA y todos los aspectos m\u00e9dicos\u00a0\u00a0estar\u00e1n cubiertos por el Hospital Central Militar de las Fuerzas Armadas\u201d, expuso Ram\u00edrez al hablar a trav\u00e9s de un despacho de prensa del Comit\u00e9 Organizador.<\/p>\n<p>Dijo que tambi\u00e9n ya se inicio\u00a0\u00a0el proceso de acreditaci\u00f3n para la prensa, equipos participantes, personal de apoyo e invitados especiales.<\/p>\n","protected":false},"excerpt":{"rendered":"<p>Los sextetos de Guatemala y la Republica Dominicana tendr\u00e1n a su cargo el partido inaugural este mi\u00e9rcoles 24 de la Copa Panamericana de Voleibol Masculino Sub-19 que se celebrara hasta el pr\u00f3ximo d\u00eda 29 en el Palacio de Voleibol \u201cRicardo- Gioriver- Arias, a las siete de la noche. La informaci\u00f3n la dio a conocer ayer [&hellip;]<\/p>\n","protected":false},"author":9,"featured_media":51943,"comment_status":"closed","ping_status":"closed","sticky":false,"template":"","format":"standard","meta":[],"categories":[3,2,60],"tags":[],"acf":[],"_links":{"self":[{"href":"https:\/\/colimdo.org\/wp-api\/wp\/v2\/posts\/51942"}],"collection":[{"href":"https:\/\/colimdo.org\/wp-api\/wp\/v2\/posts"}],"about":[{"href":"https:\/\/colimdo.org\/wp-api\/wp\/v2\/types\/post"}],"author":[{"embeddable":true,"href":"https:\/\/colimdo.org\/wp-api\/wp\/v2\/users\/9"}],"replies":[{"embeddable":true,"href":"https:\/\/colimdo.org\/wp-api\/wp\/v2\/comments?post=51942"}],"version-history":[{"count":1,"href":"https:\/\/colimdo.org\/wp-api\/wp\/v2\/posts\/51942\/revisions"}],"predecessor-version":[{"id":51944,"href":"https:\/\/colimdo.org\/wp-api\/wp\/v2\/posts\/51942\/revisions\/51944"}],"wp:featuredmedia":[{"embeddable":true,"href":"https:\/\/colimdo.org\/wp-api\/wp\/v2\/media\/51943"}],"wp:attachment":[{"href":"https:\/\/colimdo.org\/wp-api\/wp\/v2\/media?parent=51942"}],"wp:term":[{"taxonomy":"category","embeddable":true,"href":"https:\/\/colimdo.org\/wp-api\/wp\/v2\/categories?post=51942"},{"taxonomy":"post_tag","embeddable":true,"href":"https:\/\/colimdo.org\/wp-api\/wp\/v2\/tags?post=51942"}],"curies":[{"name":"wp","href":"https:\/\/api.w.org\/{rel}","templated":true}]}}