{"id":51971,"date":"2019-04-22T16:30:06","date_gmt":"2019-04-22T16:30:06","guid":{"rendered":"https:\/\/colimdo.org\/?p=51971"},"modified":"2019-04-22T16:30:23","modified_gmt":"2019-04-22T16:30:23","slug":"orquidea-dominguez-electa-presidenta-gimnasia-distrito-nacional","status":"publish","type":"post","link":"https:\/\/colimdo.org\/noticias\/orquidea-dominguez-electa-presidenta-gimnasia-distrito-nacional\/","title":{"rendered":"Orqu\u00eddea Dom\u00ednguez, electa presidenta gimnasia Distrito Nacional"},"content":{"rendered":"<p><strong>SANTO DOMINGO.<\/strong> Orqu\u00eddea Dom\u00ednguez fue reelecta para un nuevo per\u00edodo como presidenta de la Asociaci\u00f3n de Gimnasia del Distrito Nacional (Agidina) durante los comicios celebrados en el Pabell\u00f3n de Gimnasia del Parque del Este.<\/p>\n<p>Dom\u00ednguez, quien encabez\u00f3 la plancha \u00fanica denominada \u201cArmon\u00eda y Trabajo\u201d, se comprometi\u00f3 a seguir trabajando para impulsar la gimnasia a lo m\u00e1s alto.<\/p>\n<p>El nuevo comit\u00e9 ejecutivo de la Asociaci\u00f3n de Gimnasia del Distrito Nacional est\u00e1 integrado adem\u00e1s por Jes\u00fas Delgado, como vicepresidente; Imilka Garc\u00eda de D\u00edaz, secretaria general; Jos\u00e9 Gabriel Valerio, tesorero, y la doctora Yumilka Brea, como volcal.<\/p>\n<p>El licenciado Fernando Whyte, secretario general de la Federaci\u00f3n Dominicana de Gimnasia (Fedogim) tom\u00f3 el juramento a los directivos de la Asociaci\u00f3n de Gimnasia del Distrito Nacional.<\/p>\n<p>En los comicios eleccionarios tambi\u00e9n estuvo la profesora Belkis Gallardo, vicepresidenta de la Fedogim.<\/p>\n<p>\u201cNuestro compromiso es mantener la armon\u00eda y seguir trabajando por el desarrollo de la gimnasia\u201d, sostuvo Orqu\u00eddea Dom\u00ednguez, luego de ser posesionada como presidenta de la Agidina.<\/p>\n<p>En el proceso participaron delegados representantes de los clubes My Kid`s Gym,\u00a0 OD&#8217;Gym, Villar Gym Club, Lugim UASD, Club Deportivo Naco, D&#8217;Art, Gym y New Horizont.<\/p>\n","protected":false},"excerpt":{"rendered":"<p>La dirigente deportiva encabez\u00f3 la plancha \u201cArmon\u00eda y Trabajo\u201d, \u00fanica que se present\u00f3 al proceso celebrado en el Pabell\u00f3n de Gimnasia del Parque del Este.<\/p>\n","protected":false},"author":13,"featured_media":51972,"comment_status":"closed","ping_status":"closed","sticky":false,"template":"","format":"standard","meta":[],"categories":[2,60],"tags":[],"acf":[],"_links":{"self":[{"href":"https:\/\/colimdo.org\/wp-api\/wp\/v2\/posts\/51971"}],"collection":[{"href":"https:\/\/colimdo.org\/wp-api\/wp\/v2\/posts"}],"about":[{"href":"https:\/\/colimdo.org\/wp-api\/wp\/v2\/types\/post"}],"author":[{"embeddable":true,"href":"https:\/\/colimdo.org\/wp-api\/wp\/v2\/users\/13"}],"replies":[{"embeddable":true,"href":"https:\/\/colimdo.org\/wp-api\/wp\/v2\/comments?post=51971"}],"version-history":[{"count":1,"href":"https:\/\/colimdo.org\/wp-api\/wp\/v2\/posts\/51971\/revisions"}],"predecessor-version":[{"id":51973,"href":"https:\/\/colimdo.org\/wp-api\/wp\/v2\/posts\/51971\/revisions\/51973"}],"wp:featuredmedia":[{"embeddable":true,"href":"https:\/\/colimdo.org\/wp-api\/wp\/v2\/media\/51972"}],"wp:attachment":[{"href":"https:\/\/colimdo.org\/wp-api\/wp\/v2\/media?parent=51971"}],"wp:term":[{"taxonomy":"category","embeddable":true,"href":"https:\/\/colimdo.org\/wp-api\/wp\/v2\/categories?post=51971"},{"taxonomy":"post_tag","embeddable":true,"href":"https:\/\/colimdo.org\/wp-api\/wp\/v2\/tags?post=51971"}],"curies":[{"name":"wp","href":"https:\/\/api.w.org\/{rel}","templated":true}]}}