{"id":51980,"date":"2019-04-22T18:24:14","date_gmt":"2019-04-22T18:24:14","guid":{"rendered":"https:\/\/colimdo.org\/?p=51980"},"modified":"2019-04-22T18:24:14","modified_gmt":"2019-04-22T18:24:14","slug":"ceremonia-apertura-los-panamericanos-va-tomando-forma","status":"publish","type":"post","link":"https:\/\/colimdo.org\/noticias\/ceremonia-apertura-los-panamericanos-va-tomando-forma\/","title":{"rendered":"Ceremonia de apertura de los Panamericanos va tomando forma"},"content":{"rendered":"<p>La Ceremonia de Apertura de los Juegos Panamericanos, el espect\u00e1culo art\u00edstico m\u00e1s esperado del a\u00f1o, ya est\u00e1 empezando a tomar forma en las mentes creativas de los artistas que han sido convocados para preparar el gran evento. El equipo es liderado por la empresa italiana Balich Worldwide Shows, la misma que ha convocado a Francisco Negrin para las dos Ceremonias de Apertura y de Clausura de los Juegos Panamericanos, as\u00ed como las dos respectivas de los Parapanamericanos.<\/p>\n<p>El reconocido director creativo ya empez\u00f3 los trabajos de producci\u00f3n esta semana en Lima con gran entusiasmo: \u201cComo director de la Ceremonia de Apertura de los Juegos Panamericanos y supervisor creativo de las otras 3 ceremonias, estoy trabajando con un equipo internacional y que integra a los mejores creativos del Per\u00fa, y todos queremos ense\u00f1ar, tanto al p\u00fablico internacional como al local, lo que puede ser creado en este pa\u00eds\u201d, coment\u00f3. \u201cEn particular, queremos que no sea lo t\u00edpico que ya se conoce del folklore, la arqueolog\u00eda, la naturaleza, m\u00e1s bien una visi\u00f3n del hoy y del futuro del Per\u00fa\u201d, agreg\u00f3.<\/p>\n<p>Negrin es un director premiado a nivel internacional por su trayectoria, ya sea en direcci\u00f3n de \u00f3peras en los m\u00e1s importantes teatros del mundo, como en espect\u00e1culos en estadios y arenas para eventos de grande envergadura. Ha dirigido m\u00e1s de 60 producciones aclamadas en sedes de fama mundial, de Londres a Sydney y de New York a Par\u00eds. Entre sus mayores \u00e9xitos est\u00e1 la ceremonia de apertura de los Juegos Asi\u00e1ticos Bajo Techo y de Artes Marciales de Asjabad en 2017, que con sus 6000 artistas fue la tercera m\u00e1s grande ceremonia de estilo Ol\u00edmpico jam\u00e1s realizada.<\/p>\n<p>Hablando de las expectativas que tiene para su nuevo reto art\u00edstico, las Ceremonias de Apertura y Clausura de los Juegos Panamericanos y Parapanamericanos Lima 2019, el director adelant\u00f3 lo siguiente: \u201cQueremos realmente sorprender al mundo sobre qu\u00e9 es hoy el Per\u00fa; e inspirar a los peruanos, para que sientan el orgullo de lo que pueden crear. As\u00ed las Ceremonias de Apertura y Clausura dejar\u00e1n un legado, una imagen nueva del pa\u00eds a la hora de presentarse al mundo\u201d.<\/p>\n<p>La Ceremonia de Apertura de los Juegos Panamericanos se llevar\u00e1 a cabo la noche del 26 de julio con las 41 delegaciones participantes en su primera presentaci\u00f3n en el Estadio Nacional, y contar\u00e1 con un despliegue de m\u00e1s de mil artistas en escena, entre bailarines, acr\u00f3batas y m\u00fasicos en vivo. La Ceremonia de Clausura ser\u00e1 el 11 de agosto. Luego ser\u00e1 el momento de los Juegos Parapanamericanos, que se inaugurar\u00e1n con otra gran Ceremonia de Apertura el 23 de agosto, para terminar con la cuarta y \u00faltima ceremonia, la de Clausura el d\u00eda 1 de setiembre.<\/p>\n","protected":false},"excerpt":{"rendered":"<p>La Ceremonia de Apertura de los Juegos Panamericanos, el espect\u00e1culo art\u00edstico m\u00e1s esperado del a\u00f1o, ya est\u00e1 empezando a tomar forma en las mentes creativas de los artistas que han sido convocados para preparar el gran evento. El equipo es liderado por la empresa italiana Balich Worldwide Shows, la misma que ha convocado a Francisco [&hellip;]<\/p>\n","protected":false},"author":9,"featured_media":51981,"comment_status":"closed","ping_status":"closed","sticky":false,"template":"","format":"standard","meta":[],"categories":[2,60],"tags":[],"acf":[],"_links":{"self":[{"href":"https:\/\/colimdo.org\/wp-api\/wp\/v2\/posts\/51980"}],"collection":[{"href":"https:\/\/colimdo.org\/wp-api\/wp\/v2\/posts"}],"about":[{"href":"https:\/\/colimdo.org\/wp-api\/wp\/v2\/types\/post"}],"author":[{"embeddable":true,"href":"https:\/\/colimdo.org\/wp-api\/wp\/v2\/users\/9"}],"replies":[{"embeddable":true,"href":"https:\/\/colimdo.org\/wp-api\/wp\/v2\/comments?post=51980"}],"version-history":[{"count":1,"href":"https:\/\/colimdo.org\/wp-api\/wp\/v2\/posts\/51980\/revisions"}],"predecessor-version":[{"id":51982,"href":"https:\/\/colimdo.org\/wp-api\/wp\/v2\/posts\/51980\/revisions\/51982"}],"wp:featuredmedia":[{"embeddable":true,"href":"https:\/\/colimdo.org\/wp-api\/wp\/v2\/media\/51981"}],"wp:attachment":[{"href":"https:\/\/colimdo.org\/wp-api\/wp\/v2\/media?parent=51980"}],"wp:term":[{"taxonomy":"category","embeddable":true,"href":"https:\/\/colimdo.org\/wp-api\/wp\/v2\/categories?post=51980"},{"taxonomy":"post_tag","embeddable":true,"href":"https:\/\/colimdo.org\/wp-api\/wp\/v2\/tags?post=51980"}],"curies":[{"name":"wp","href":"https:\/\/api.w.org\/{rel}","templated":true}]}}