{"id":51986,"date":"2019-04-22T18:38:58","date_gmt":"2019-04-22T18:38:58","guid":{"rendered":"https:\/\/colimdo.org\/?p=51986"},"modified":"2019-04-23T00:43:22","modified_gmt":"2019-04-23T00:43:22","slug":"jodocas-van-peru-clasificatorio-juegos-panamericanos","status":"publish","type":"post","link":"https:\/\/colimdo.org\/noticias\/jodocas-van-peru-clasificatorio-juegos-panamericanos\/","title":{"rendered":"Judocas van a Per\u00fa a un clasificatorio para Juegos Panamericanos"},"content":{"rendered":"<p><strong>SANTO DOMINGO<\/strong>. Los equipos superiores de judo se disponen a participar en el Campeonato Panamericano de esa disciplina que tendr\u00e1 lugar del 23 al 27 de este mes en el Polideportivo 1 de la Videna, en Lima, Per\u00fa.<\/p>\n<p>El campeonato repartir\u00e1 puntos para la clasificaci\u00f3n a los Juegos Panamericanos que se celebrar\u00e1n del 26 de julio al 11 de agosto pr\u00f3ximos en Per\u00fa, para los Ol\u00edmpicos de 2020.<\/p>\n<p>La participaci\u00f3n de la representaci\u00f3n dominicana en el se\u00f1alado clasificatorio es posible al Grupo Creso y el Ministerio de Deportes.<\/p>\n<p>El torneo es el pen\u00faltimo clasificatorio que se celebrar\u00e1 previo a los Juegos Panamericanos. El \u00faltimo torneo que dar\u00e1 los puntos finales para la cita multideportiva est\u00e1 pautado para los d\u00edas 24 y 25 de mayo.<\/p>\n<p>Para el 10 de junio, la Confederaci\u00f3n Panamericano de Judo (CPJ) informar\u00e1 a Panam Sports y a los comit\u00e9s ol\u00edmpicos nacionales las plazas obtenidas por cada pa\u00eds.<\/p>\n<p>En femenino, la delegaci\u00f3n est\u00e1 integrada por las atletas Estefan\u00eda Soriano, 48 kilos; Elmert Ram\u00edrez, 60 kilos; Diana Carolina de Jes\u00fas, 52 kilos, y Ana Rosa Garc\u00eda, 57 kilos.<\/p>\n<p>La rama masculina la conforman Wander Mateo, 66 kilos; Medickson del Orbe, 81 kilos; Jos\u00e9 Nova, menos 100 kilos; Lewis Medina, m\u00e1s 100 kilos, y Robert Florentino, 90 kilos.<\/p>\n<p>Adem\u00e1s figuran los entrenadores Marcos Uriarte y Manuel Ram\u00edrez, as\u00ed como Julio Mi\u00f1oso, m\u00e9dico; Luisa Mart\u00ednez, delegada; Geraldo Feliz, fisioterapeuta; Manuel Minier, \u00e1rbitro, y Wilkin Ogando, director de entrenamiento.<\/p>\n","protected":false},"excerpt":{"rendered":"<p>El campeonato repartir\u00e1 puntos para la clasificaci\u00f3n a los Juegos Panamericanos que se celebrar\u00e1n del 26 de julio al 11 de agosto en Per\u00fa.<\/p>\n","protected":false},"author":13,"featured_media":51987,"comment_status":"closed","ping_status":"closed","sticky":false,"template":"","format":"standard","meta":[],"categories":[2,60],"tags":[],"acf":[],"_links":{"self":[{"href":"https:\/\/colimdo.org\/wp-api\/wp\/v2\/posts\/51986"}],"collection":[{"href":"https:\/\/colimdo.org\/wp-api\/wp\/v2\/posts"}],"about":[{"href":"https:\/\/colimdo.org\/wp-api\/wp\/v2\/types\/post"}],"author":[{"embeddable":true,"href":"https:\/\/colimdo.org\/wp-api\/wp\/v2\/users\/13"}],"replies":[{"embeddable":true,"href":"https:\/\/colimdo.org\/wp-api\/wp\/v2\/comments?post=51986"}],"version-history":[{"count":2,"href":"https:\/\/colimdo.org\/wp-api\/wp\/v2\/posts\/51986\/revisions"}],"predecessor-version":[{"id":51996,"href":"https:\/\/colimdo.org\/wp-api\/wp\/v2\/posts\/51986\/revisions\/51996"}],"wp:featuredmedia":[{"embeddable":true,"href":"https:\/\/colimdo.org\/wp-api\/wp\/v2\/media\/51987"}],"wp:attachment":[{"href":"https:\/\/colimdo.org\/wp-api\/wp\/v2\/media?parent=51986"}],"wp:term":[{"taxonomy":"category","embeddable":true,"href":"https:\/\/colimdo.org\/wp-api\/wp\/v2\/categories?post=51986"},{"taxonomy":"post_tag","embeddable":true,"href":"https:\/\/colimdo.org\/wp-api\/wp\/v2\/tags?post=51986"}],"curies":[{"name":"wp","href":"https:\/\/api.w.org\/{rel}","templated":true}]}}