{"id":52009,"date":"2019-04-23T02:46:18","date_gmt":"2019-04-23T02:46:18","guid":{"rendered":"https:\/\/colimdo.org\/?p=52009"},"modified":"2019-04-23T02:46:18","modified_gmt":"2019-04-23T02:46:18","slug":"rafael-nadal-trabajo-siempre","status":"publish","type":"post","link":"https:\/\/colimdo.org\/noticias\/rafael-nadal-trabajo-siempre\/","title":{"rendered":"Rafael Nadal: &#8220;El trabajo siempre es el mismo&#8221;"},"content":{"rendered":"<p class=\"canvas-atom canvas-text Mb(1.0em) Mb(0)--sm Mt(0.8em)--sm\">Barcelona, 22 abr (EFE).- El espa\u00f1ol Rafael Nadal conf\u00eda en reencontrarse con su juego en el Barcelona Open Banc Sabadell-Trofeo Conde de God\u00f3, donde debutar\u00e1 este mi\u00e9rcoles ante el argentino Leonardo Mayer.<\/p>\n<p class=\"canvas-atom canvas-text Mb(1.0em) Mb(0)--sm Mt(0.8em)--sm\">&#8220;El trabajo siempre es el mismo: encontrarme a m\u00ed mismo&#8221;, explic\u00f3 este lunes Nadal, quien volvi\u00f3 a reiterar que su partido de semifinales en Montecarlo ante el italiano Fabio Fognini (4-6 y 2-6) fue &#8220;uno de los peores sobre tierra en mucho tiempo&#8221;.<\/p>\n<p class=\"canvas-atom canvas-text Mb(1.0em) Mb(0)--sm Mt(0.8em)--sm\">&#8220;Cuando uno juega un partido as\u00ed no hay por qu\u00e9 esconderlo. Enga\u00f1arme o enga\u00f1ar a los dem\u00e1s no le veo beneficio&#8221;, manifest\u00f3 en un acto promocional del torneo, junto al japon\u00e9s Kei Nishikori, en el Palau de la Musica.<\/p>\n<p class=\"canvas-atom canvas-text Mb(1.0em) Mb(0)--sm Mt(0.8em)--sm\">El balear se entren\u00f3 esta ma\u00f1ana por primera vez en las pistas del RCT Barcelona, pero todav\u00eda es pronto para hablar de sensaciones: &#8220;C\u00f3mo llego al God\u00f3, lo sabremos a partir del mi\u00e9rcoles y con el paso de los d\u00edas. De momento llego, como siempre, con la ilusi\u00f3n de jugar un torneo muy importante, especial sin ninguna duda, y que es parte de la historia de nuestro deporte y parte de mi historia personal&#8221;.<\/p>\n<p class=\"canvas-atom canvas-text Mb(1.0em) Mb(0)--sm Mt(0.8em)--sm\">En la capital monegasca buscaba su duod\u00e9cimo t\u00edtulo, como esta semana en Barcelona, pero la victoria en el torneo fue finalmente para Fognini, su verdugo en la pen\u00faltima ronda.<\/p>\n<p class=\"canvas-atom canvas-text Mb(1.0em) Mb(0)--sm Mt(0.8em)--sm\">&#8220;Uno no puede pretender estar siempre perfecto y ganar 14 Montecarlos y 14 God\u00f3s, porque las cosas no son as\u00ed, y eso pone en valor todo lo que he ido haciendo, no solo yo sino otros compa\u00f1eros m\u00edos en nuestro deporte&#8221;, coment\u00f3 al respecto.<\/p>\n<p class=\"canvas-atom canvas-text Mb(1.0em) Mb(0)--sm Mt(0.8em)--sm\">F\u00edsicamente, Rafa Nadal dijo llegar &#8220;m\u00e1s o menos bien&#8221; al abierto barcelon\u00e9s, aunque record\u00f3 que, encadenar tantas lesiones, al final pasa factura, porque &#8220;llega el momento que es complicado mantenerse a este nivel&#8221;.<\/p>\n<p class=\"canvas-atom canvas-text Mb(1.0em) Mb(0)--sm Mt(0.8em)--sm\">&#8220;En estos \u00faltimos 18 meses he tenido demasiados parones, demasiados altibajos no ten\u00edsticos, porque el nivel ha sido fant\u00e1stico. El a\u00f1o pasado, terminando siete torneos y acab\u00e9 el 2 del mundo. Este a\u00f1o, desgraciadamente he vuelto a tener m\u00e1s problemas y as\u00ed es dif\u00edcil encontrar un ritmo y una continuidad&#8221;, indic\u00f3.<\/p>\n<p class=\"canvas-atom canvas-text Mb(1.0em) Mb(0)--sm Mt(0.8em)--sm\">Pese a todo, no est\u00e1 decepcionado por su rendimiento en este 2019. &#8220;No he ganado ning\u00fan titulo, pero he estado en la final de Australia, en las semifinales de Indian Wells, donde me tuve que retirar, y en las semis en Montecarlo. Si me preguntas si el a\u00f1o esta mal, te dir\u00e9 que no. He tenido m\u00e1s problemas de los que me hubiera gustado, pero soy el numero 3 de la &#8216;Race'&#8221;, analiz\u00f3.<\/p>\n<p class=\"canvas-atom canvas-text Mb(1.0em) Mb(0)--sm Mt(0.8em)--sm\">Barcelona parece ahora el escenario ideal para reencontrarse con el triunfo, pero Nadal prefiere mostrarse cauto. &#8220;Espero estar preparado para jugar bien aqu\u00ed y, sino es aqu\u00ed, en Madrid. Y sino es en Madrid, en Roma, y si no es en Roma, en Roland Garros&#8221;, concluy\u00f3.<\/p>\n","protected":false},"excerpt":{"rendered":"<p>F\u00edsicamente, Rafa Nadal dijo llegar &#8220;m\u00e1s o menos bien&#8221; al abierto barcelon\u00e9s, aunque record\u00f3 que, encadenar tantas lesiones, al final pasa factura, porque &#8220;llega el momento que es complicado mantenerse a este nivel&#8221;.<\/p>\n","protected":false},"author":16,"featured_media":52010,"comment_status":"closed","ping_status":"closed","sticky":false,"template":"","format":"standard","meta":[],"categories":[2,60],"tags":[],"acf":[],"_links":{"self":[{"href":"https:\/\/colimdo.org\/wp-api\/wp\/v2\/posts\/52009"}],"collection":[{"href":"https:\/\/colimdo.org\/wp-api\/wp\/v2\/posts"}],"about":[{"href":"https:\/\/colimdo.org\/wp-api\/wp\/v2\/types\/post"}],"author":[{"embeddable":true,"href":"https:\/\/colimdo.org\/wp-api\/wp\/v2\/users\/16"}],"replies":[{"embeddable":true,"href":"https:\/\/colimdo.org\/wp-api\/wp\/v2\/comments?post=52009"}],"version-history":[{"count":1,"href":"https:\/\/colimdo.org\/wp-api\/wp\/v2\/posts\/52009\/revisions"}],"predecessor-version":[{"id":52011,"href":"https:\/\/colimdo.org\/wp-api\/wp\/v2\/posts\/52009\/revisions\/52011"}],"wp:featuredmedia":[{"embeddable":true,"href":"https:\/\/colimdo.org\/wp-api\/wp\/v2\/media\/52010"}],"wp:attachment":[{"href":"https:\/\/colimdo.org\/wp-api\/wp\/v2\/media?parent=52009"}],"wp:term":[{"taxonomy":"category","embeddable":true,"href":"https:\/\/colimdo.org\/wp-api\/wp\/v2\/categories?post=52009"},{"taxonomy":"post_tag","embeddable":true,"href":"https:\/\/colimdo.org\/wp-api\/wp\/v2\/tags?post=52009"}],"curies":[{"name":"wp","href":"https:\/\/api.w.org\/{rel}","templated":true}]}}