{"id":52024,"date":"2019-04-23T15:40:48","date_gmt":"2019-04-23T15:40:48","guid":{"rendered":"https:\/\/colimdo.org\/?p=52024"},"modified":"2019-04-23T15:40:48","modified_gmt":"2019-04-23T15:40:48","slug":"fuerza-aerea-policia-inician-miercoles-final-del-softbol-molinete","status":"publish","type":"post","link":"https:\/\/colimdo.org\/noticias\/fuerza-aerea-policia-inician-miercoles-final-del-softbol-molinete\/","title":{"rendered":"Fuerza A\u00e9rea y Polic\u00eda inician el mi\u00e9rcoles final del softbol molinete"},"content":{"rendered":"<p style=\"font-weight: 400;\"><strong>SANTO DOMINGO.\u00a0<\/strong>La Polic\u00eda Nacional y la Fuerza A\u00e9rea de Rep\u00fablica Dominicana (FARD) inician este mi\u00e9rcoles la lucha por el t\u00edtulo del softbol molinete de los 50 Juegos Deportivos Militares.<\/p>\n<p style=\"font-weight: 400;\">La serie final se jugar\u00e1 en el estadio de softbol N\u00famero 1 del Centro Ol\u00edmpico Juan Pablo Duarte, desde las 9:30 de la ma\u00f1ana. La serie est\u00e1 pactada a un 7-4<\/p>\n<p style=\"font-weight: 400;\">Despu\u00e9s de hoy, la final recesar\u00e1 hasta el viernes cuando est\u00e1n programados celebrarse los encuentros tres y cuatro.<\/p>\n<p style=\"font-weight: 400;\">Si ninguno de los equipos produce una barrida, el juego cinco se efectuar\u00e1 el mi\u00e9rcoles de la semana pr\u00f3ximo, misma fecha en que se efectuar\u00eda un potencial sexto choque.<\/p>\n<p style=\"font-weight: 400;\">La Fuerza A\u00e9rea y la Polic\u00eda arriban a la final al cumplir con los pron\u00f3sticos, tras iniciar como los favoritos para disputar el t\u00edtulo del campeonato de la 50 versi\u00f3n\u00a0\u00a0de los Juegos Deportivos Militares, que llevan una especial dedicatoria al ministro de Defensa, teniente general Rub\u00e9n Dar\u00edo Paulino Sem.<\/p>\n<p style=\"font-weight: 400;\">Pero la Fuerza A\u00e9rea, por su papel de vigente campe\u00f3n, es se\u00f1alado como favorito para revalidar el cetro. Los aviadores tambi\u00e9n avanzaron director a la final, al ganar la serie regular.<\/p>\n<p style=\"font-weight: 400;\">De su lado, los agentes del orden clasificaron en el segundo lugar y en la instancia de semifinal vencieron en cuatro partidos (4-1) al Ej\u00e9rcito de Rep\u00fablica Dominicana.<\/p>\n<p style=\"font-weight: 400;\">Los pilotos, que dirige el segundo teniente y ex miembro de la selecci\u00f3n nacional molinete, Eugenio Payano, cifran sus esperanzas en los abridores Santiago D\u00edaz, Jean Carlos Gonz\u00e1lez y F\u00e9lix Manuel Liriano, y en una balanceada ofensiva encabezada por El\u00edas Valerio, Cesar\u00edn Heredia, Jos\u00e9 Reyes e Hilario de la Cruz.<\/p>\n<p style=\"font-weight: 400;\">Melvin Batista, Luilly Mena y Michael Batista tienen por su lado la misi\u00f3n de contener la ofensiva de la FARD. Mientras que en el bateo, la Polic\u00eda cifra sus esperanzas en los ca\u00f1oneros Francis Medina, Juan Ram\u00edrez, Fernando G\u00f3mez, V\u00edctor Encarnaci\u00f3n, Juan Guzm\u00e1n y Henry Almonte. La novena de la Polic\u00eda es dirigida por el segundo teniente Miguel Jim\u00e9nez.<\/p>\n<p style=\"font-weight: 400;\">El coronel Kalil Hach\u00e9, presidente del Consejo Directivo del C\u00edrculo Deportivo Militar, dijo que todo est\u00e1 listo para la celebraci\u00f3n de la final entre dos instituciones que saldr\u00e1n al terreno de juego a darlo todo para ganar el t\u00edtulo.<\/p>\n<p style=\"font-weight: 400;\">Dijo que para el inicio de la final han sido invitados el comandante general de la Fuerza A\u00e9rea y el director de la Polic\u00eda Nacional, los mayores generales Richard V\u00e1squez Jim\u00e9nez y Ney Aldr\u00edn Bautista Almonte.<\/p>\n","protected":false},"excerpt":{"rendered":"<p>SANTO DOMINGO.\u00a0La Polic\u00eda Nacional y la Fuerza A\u00e9rea de Rep\u00fablica Dominicana (FARD) inician este mi\u00e9rcoles la lucha por el t\u00edtulo del softbol molinete de los 50 Juegos Deportivos Militares. La serie final se jugar\u00e1 en el estadio de softbol N\u00famero 1 del Centro Ol\u00edmpico Juan Pablo Duarte, desde las 9:30 de la ma\u00f1ana. La serie [&hellip;]<\/p>\n","protected":false},"author":9,"featured_media":52025,"comment_status":"closed","ping_status":"closed","sticky":false,"template":"","format":"standard","meta":[],"categories":[2,60],"tags":[],"acf":[],"_links":{"self":[{"href":"https:\/\/colimdo.org\/wp-api\/wp\/v2\/posts\/52024"}],"collection":[{"href":"https:\/\/colimdo.org\/wp-api\/wp\/v2\/posts"}],"about":[{"href":"https:\/\/colimdo.org\/wp-api\/wp\/v2\/types\/post"}],"author":[{"embeddable":true,"href":"https:\/\/colimdo.org\/wp-api\/wp\/v2\/users\/9"}],"replies":[{"embeddable":true,"href":"https:\/\/colimdo.org\/wp-api\/wp\/v2\/comments?post=52024"}],"version-history":[{"count":1,"href":"https:\/\/colimdo.org\/wp-api\/wp\/v2\/posts\/52024\/revisions"}],"predecessor-version":[{"id":52026,"href":"https:\/\/colimdo.org\/wp-api\/wp\/v2\/posts\/52024\/revisions\/52026"}],"wp:featuredmedia":[{"embeddable":true,"href":"https:\/\/colimdo.org\/wp-api\/wp\/v2\/media\/52025"}],"wp:attachment":[{"href":"https:\/\/colimdo.org\/wp-api\/wp\/v2\/media?parent=52024"}],"wp:term":[{"taxonomy":"category","embeddable":true,"href":"https:\/\/colimdo.org\/wp-api\/wp\/v2\/categories?post=52024"},{"taxonomy":"post_tag","embeddable":true,"href":"https:\/\/colimdo.org\/wp-api\/wp\/v2\/tags?post=52024"}],"curies":[{"name":"wp","href":"https:\/\/api.w.org\/{rel}","templated":true}]}}